{"id":9200,"date":"2025-09-09T07:10:22","date_gmt":"2025-09-09T07:10:22","guid":{"rendered":"https:\/\/blog.ccopera.com\/devises\/?p=9200"},"modified":"2025-09-10T07:50:06","modified_gmt":"2025-09-10T07:50:06","slug":"mobilisations-attendues-le-10-et-18-septembre-2025","status":"publish","type":"post","link":"https:\/\/blog.ccopera.com\/devises\/mobilisations-attendues-le-10-et-18-septembre-2025-9200","title":{"rendered":"Mobilisations attendues le 10 et 18 septembre 2025"},"content":{"rendered":"<div class=\"wp-block-image\">\n<figure class=\"aligncenter size-large is-resized\"><img loading=\"lazy\" decoding=\"async\" width=\"1024\" height=\"410\" src=\"https:\/\/blog.ccopera.com\/devises\/wp-content\/uploads\/sites\/4\/2025\/09\/mobilisation-sept-1024x410.png\" alt=\"\" class=\"wp-image-9204\" style=\"width:448px;height:auto\" srcset=\"https:\/\/blog.ccopera.com\/devises\/wp-content\/uploads\/sites\/4\/2025\/09\/mobilisation-sept-1024x410.png 1024w, https:\/\/blog.ccopera.com\/devises\/wp-content\/uploads\/sites\/4\/2025\/09\/mobilisation-sept-300x120.png 300w, https:\/\/blog.ccopera.com\/devises\/wp-content\/uploads\/sites\/4\/2025\/09\/mobilisation-sept-768x307.png 768w, https:\/\/blog.ccopera.com\/devises\/wp-content\/uploads\/sites\/4\/2025\/09\/mobilisation-sept.png 1500w\" sizes=\"(max-width: 1024px) 100vw, 1024px\" \/><\/figure><\/div>\n\n\n<p>En raison des mobilisations attendues aux deux dates annonc\u00e9es,  nous ferons au mieux pour l&rsquo;exp\u00e9dition de vos commandes. Nous ne pourrons pas traiter une livraison express ou avec un d\u00e9lai tr\u00e8s court  dans ces conditions que nous ne ma\u00eetrisons pas.<\/p>\n\n\n\n<p>Vous pouvez continuer \u00e0 passer des commandes, et si votre d\u00e9part n&rsquo;est pas proche, nous ferons en sorte de les garder dans nos coffres le temps qu&rsquo;il faudra.<\/p>\n\n\n\n<p>En revanche, si votre d\u00e9part est imminent, nous vous conseillons de venir retirer \u00e0 Op\u00e9ra vos devises.<\/p>\n\n\n\n<p>Nous ne saurions \u00eates tenus responsables pour les d\u00e9lais suppl\u00e9mentaires dans l&rsquo;acheminement de vos devises.<\/p>\n\n\n\n<p>N&rsquo;h\u00e9sitez pas \u00e0 nous mettre un commentaire dans votre commande !<\/p>\n","protected":false},"excerpt":{"rendered":"<p>En raison des mobilisations attendues aux deux dates annonc\u00e9es, nous ferons au mieux pour l&rsquo;exp\u00e9dition de vos commandes. Nous ne pourrons pas traiter une livraison express ou avec un d\u00e9lai tr\u00e8s court dans ces conditions que nous ne ma\u00eetrisons pas. Vous pouvez continuer \u00e0 passer des commandes, et si votre d\u00e9part n&rsquo;est pas proche, nous [&hellip;]<\/p>\n","protected":false},"author":8,"featured_media":9204,"comment_status":"closed","ping_status":"open","sticky":false,"template":"","format":"standard","meta":{"footnotes":""},"categories":[13],"tags":[576,578],"yoast_head":"<!-- This site is optimized with the Yoast SEO plugin v23.5 - https:\/\/yoast.com\/wordpress\/plugins\/seo\/ -->\n<title>Mobilisations attendues le 10 et 18 septembre 2025 - Blog devises<\/title>\n<meta name=\"description\" content=\"Pr\u00e9voyez un d\u00e9lai suppl\u00e9mentaire pour l&#039;acheminement de vos devises autour du 10 et 18 septembre 2025\" \/>\n<meta name=\"robots\" content=\"index, follow, max-snippet:-1, max-image-preview:large, max-video-preview:-1\" \/>\n<link rel=\"canonical\" href=\"https:\/\/blog.ccopera.com\/devises\/mobilisations-attendues-le-10-et-18-septembre-2025-9200\" \/>\n<meta property=\"og:locale\" content=\"fr_FR\" \/>\n<meta property=\"og:type\" content=\"article\" \/>\n<meta property=\"og:title\" content=\"Mobilisations attendues le 10 et 18 septembre 2025 - Blog devises\" \/>\n<meta property=\"og:description\" content=\"Pr\u00e9voyez un d\u00e9lai suppl\u00e9mentaire pour l&#039;acheminement de vos devises autour du 10 et 18 septembre 2025\" \/>\n<meta property=\"og:url\" content=\"https:\/\/blog.ccopera.com\/devises\/mobilisations-attendues-le-10-et-18-septembre-2025-9200\" \/>\n<meta property=\"og:site_name\" content=\"Blog devises\" \/>\n<meta property=\"article:published_time\" content=\"2025-09-09T07:10:22+00:00\" \/>\n<meta property=\"article:modified_time\" content=\"2025-09-10T07:50:06+00:00\" \/>\n<meta property=\"og:image\" content=\"https:\/\/blog.ccopera.com\/devises\/wp-content\/uploads\/sites\/4\/2025\/09\/mobilisation-sept.png\" \/>\n\t<meta property=\"og:image:width\" content=\"1500\" \/>\n\t<meta property=\"og:image:height\" content=\"600\" \/>\n\t<meta property=\"og:image:type\" content=\"image\/png\" \/>\n<meta name=\"author\" content=\"blogccopera\" \/>\n<meta name=\"twitter:card\" content=\"summary_large_image\" \/>\n<meta name=\"twitter:label1\" content=\"\u00c9crit par\" \/>\n\t<meta name=\"twitter:data1\" content=\"blogccopera\" \/>\n\t<meta name=\"twitter:label2\" content=\"Dur\u00e9e de lecture estim\u00e9e\" \/>\n\t<meta name=\"twitter:data2\" content=\"1 minute\" \/>\n<script type=\"application\/ld+json\" class=\"yoast-schema-graph\">{\"@context\":\"https:\/\/schema.org\",\"@graph\":[{\"@type\":\"Article\",\"@id\":\"https:\/\/blog.ccopera.com\/devises\/mobilisations-attendues-le-10-et-18-septembre-2025-9200#article\",\"isPartOf\":{\"@id\":\"https:\/\/blog.ccopera.com\/devises\/mobilisations-attendues-le-10-et-18-septembre-2025-9200\"},\"author\":{\"name\":\"blogccopera\",\"@id\":\"https:\/\/blog.ccopera.com\/devises\/#\/schema\/person\/78268f09e2b3505798c615a82beea618\"},\"headline\":\"Mobilisations attendues le 10 et 18 septembre 2025\",\"datePublished\":\"2025-09-09T07:10:22+00:00\",\"dateModified\":\"2025-09-10T07:50:06+00:00\",\"mainEntityOfPage\":{\"@id\":\"https:\/\/blog.ccopera.com\/devises\/mobilisations-attendues-le-10-et-18-septembre-2025-9200\"},\"wordCount\":128,\"publisher\":{\"@id\":\"https:\/\/blog.ccopera.com\/devises\/#organization\"},\"image\":{\"@id\":\"https:\/\/blog.ccopera.com\/devises\/mobilisations-attendues-le-10-et-18-septembre-2025-9200#primaryimage\"},\"thumbnailUrl\":\"https:\/\/blog.ccopera.com\/devises\/wp-content\/uploads\/sites\/4\/2025\/09\/mobilisation-sept.png\",\"keywords\":[\"achat en ligne\",\"expeditions\"],\"articleSection\":[\"Informations sur le change\"],\"inLanguage\":\"fr-FR\"},{\"@type\":\"WebPage\",\"@id\":\"https:\/\/blog.ccopera.com\/devises\/mobilisations-attendues-le-10-et-18-septembre-2025-9200\",\"url\":\"https:\/\/blog.ccopera.com\/devises\/mobilisations-attendues-le-10-et-18-septembre-2025-9200\",\"name\":\"Mobilisations attendues le 10 et 18 septembre 2025 - Blog devises\",\"isPartOf\":{\"@id\":\"https:\/\/blog.ccopera.com\/devises\/#website\"},\"primaryImageOfPage\":{\"@id\":\"https:\/\/blog.ccopera.com\/devises\/mobilisations-attendues-le-10-et-18-septembre-2025-9200#primaryimage\"},\"image\":{\"@id\":\"https:\/\/blog.ccopera.com\/devises\/mobilisations-attendues-le-10-et-18-septembre-2025-9200#primaryimage\"},\"thumbnailUrl\":\"https:\/\/blog.ccopera.com\/devises\/wp-content\/uploads\/sites\/4\/2025\/09\/mobilisation-sept.png\",\"datePublished\":\"2025-09-09T07:10:22+00:00\",\"dateModified\":\"2025-09-10T07:50:06+00:00\",\"description\":\"Pr\u00e9voyez un d\u00e9lai suppl\u00e9mentaire pour l'acheminement de vos devises autour du 10 et 18 septembre 2025\",\"breadcrumb\":{\"@id\":\"https:\/\/blog.ccopera.com\/devises\/mobilisations-attendues-le-10-et-18-septembre-2025-9200#breadcrumb\"},\"inLanguage\":\"fr-FR\",\"potentialAction\":[{\"@type\":\"ReadAction\",\"target\":[\"https:\/\/blog.ccopera.com\/devises\/mobilisations-attendues-le-10-et-18-septembre-2025-9200\"]}]},{\"@type\":\"ImageObject\",\"inLanguage\":\"fr-FR\",\"@id\":\"https:\/\/blog.ccopera.com\/devises\/mobilisations-attendues-le-10-et-18-septembre-2025-9200#primaryimage\",\"url\":\"https:\/\/blog.ccopera.com\/devises\/wp-content\/uploads\/sites\/4\/2025\/09\/mobilisation-sept.png\",\"contentUrl\":\"https:\/\/blog.ccopera.com\/devises\/wp-content\/uploads\/sites\/4\/2025\/09\/mobilisation-sept.png\",\"width\":1500,\"height\":600},{\"@type\":\"BreadcrumbList\",\"@id\":\"https:\/\/blog.ccopera.com\/devises\/mobilisations-attendues-le-10-et-18-septembre-2025-9200#breadcrumb\",\"itemListElement\":[{\"@type\":\"ListItem\",\"position\":1,\"name\":\"Accueil\",\"item\":\"https:\/\/blog.ccopera.com\/devises\"},{\"@type\":\"ListItem\",\"position\":2,\"name\":\"Mobilisations attendues le 10 et 18 septembre 2025\"}]},{\"@type\":\"WebSite\",\"@id\":\"https:\/\/blog.ccopera.com\/devises\/#website\",\"url\":\"https:\/\/blog.ccopera.com\/devises\/\",\"name\":\"Blog devises\",\"description\":\"\",\"publisher\":{\"@id\":\"https:\/\/blog.ccopera.com\/devises\/#organization\"},\"potentialAction\":[{\"@type\":\"SearchAction\",\"target\":{\"@type\":\"EntryPoint\",\"urlTemplate\":\"https:\/\/blog.ccopera.com\/devises\/?s={search_term_string}\"},\"query-input\":{\"@type\":\"PropertyValueSpecification\",\"valueRequired\":true,\"valueName\":\"search_term_string\"}}],\"inLanguage\":\"fr-FR\"},{\"@type\":\"Organization\",\"@id\":\"https:\/\/blog.ccopera.com\/devises\/#organization\",\"name\":\"Blog devises\",\"url\":\"https:\/\/blog.ccopera.com\/devises\/\",\"logo\":{\"@type\":\"ImageObject\",\"inLanguage\":\"fr-FR\",\"@id\":\"https:\/\/blog.ccopera.com\/devises\/#\/schema\/logo\/image\/\",\"url\":\"https:\/\/blog.ccopera.com\/devises\/wp-content\/uploads\/sites\/4\/2023\/09\/logo_512.png\",\"contentUrl\":\"https:\/\/blog.ccopera.com\/devises\/wp-content\/uploads\/sites\/4\/2023\/09\/logo_512.png\",\"width\":512,\"height\":322,\"caption\":\"Blog devises\"},\"image\":{\"@id\":\"https:\/\/blog.ccopera.com\/devises\/#\/schema\/logo\/image\/\"}},{\"@type\":\"Person\",\"@id\":\"https:\/\/blog.ccopera.com\/devises\/#\/schema\/person\/78268f09e2b3505798c615a82beea618\",\"name\":\"blogccopera\",\"image\":{\"@type\":\"ImageObject\",\"inLanguage\":\"fr-FR\",\"@id\":\"https:\/\/blog.ccopera.com\/devises\/#\/schema\/person\/image\/\",\"url\":\"https:\/\/secure.gravatar.com\/avatar\/b45850bc33d94214253c25806fbc13ab?s=96&d=mm&r=g\",\"contentUrl\":\"https:\/\/secure.gravatar.com\/avatar\/b45850bc33d94214253c25806fbc13ab?s=96&d=mm&r=g\",\"caption\":\"blogccopera\"},\"url\":\"https:\/\/blog.ccopera.com\/devises\/author\/blogccopera\"}]}<\/script>\n<!-- \/ Yoast SEO plugin. -->","yoast_head_json":{"title":"Mobilisations attendues le 10 et 18 septembre 2025 - Blog devises","description":"Pr\u00e9voyez un d\u00e9lai suppl\u00e9mentaire pour l'acheminement de vos devises autour du 10 et 18 septembre 2025","robots":{"index":"index","follow":"follow","max-snippet":"max-snippet:-1","max-image-preview":"max-image-preview:large","max-video-preview":"max-video-preview:-1"},"canonical":"https:\/\/blog.ccopera.com\/devises\/mobilisations-attendues-le-10-et-18-septembre-2025-9200","og_locale":"fr_FR","og_type":"article","og_title":"Mobilisations attendues le 10 et 18 septembre 2025 - Blog devises","og_description":"Pr\u00e9voyez un d\u00e9lai suppl\u00e9mentaire pour l'acheminement de vos devises autour du 10 et 18 septembre 2025","og_url":"https:\/\/blog.ccopera.com\/devises\/mobilisations-attendues-le-10-et-18-septembre-2025-9200","og_site_name":"Blog devises","article_published_time":"2025-09-09T07:10:22+00:00","article_modified_time":"2025-09-10T07:50:06+00:00","og_image":[{"width":1500,"height":600,"url":"https:\/\/blog.ccopera.com\/devises\/wp-content\/uploads\/sites\/4\/2025\/09\/mobilisation-sept.png","type":"image\/png"}],"author":"blogccopera","twitter_card":"summary_large_image","twitter_misc":{"\u00c9crit par":"blogccopera","Dur\u00e9e de lecture estim\u00e9e":"1 minute"},"schema":{"@context":"https:\/\/schema.org","@graph":[{"@type":"Article","@id":"https:\/\/blog.ccopera.com\/devises\/mobilisations-attendues-le-10-et-18-septembre-2025-9200#article","isPartOf":{"@id":"https:\/\/blog.ccopera.com\/devises\/mobilisations-attendues-le-10-et-18-septembre-2025-9200"},"author":{"name":"blogccopera","@id":"https:\/\/blog.ccopera.com\/devises\/#\/schema\/person\/78268f09e2b3505798c615a82beea618"},"headline":"Mobilisations attendues le 10 et 18 septembre 2025","datePublished":"2025-09-09T07:10:22+00:00","dateModified":"2025-09-10T07:50:06+00:00","mainEntityOfPage":{"@id":"https:\/\/blog.ccopera.com\/devises\/mobilisations-attendues-le-10-et-18-septembre-2025-9200"},"wordCount":128,"publisher":{"@id":"https:\/\/blog.ccopera.com\/devises\/#organization"},"image":{"@id":"https:\/\/blog.ccopera.com\/devises\/mobilisations-attendues-le-10-et-18-septembre-2025-9200#primaryimage"},"thumbnailUrl":"https:\/\/blog.ccopera.com\/devises\/wp-content\/uploads\/sites\/4\/2025\/09\/mobilisation-sept.png","keywords":["achat en ligne","expeditions"],"articleSection":["Informations sur le change"],"inLanguage":"fr-FR"},{"@type":"WebPage","@id":"https:\/\/blog.ccopera.com\/devises\/mobilisations-attendues-le-10-et-18-septembre-2025-9200","url":"https:\/\/blog.ccopera.com\/devises\/mobilisations-attendues-le-10-et-18-septembre-2025-9200","name":"Mobilisations attendues le 10 et 18 septembre 2025 - Blog devises","isPartOf":{"@id":"https:\/\/blog.ccopera.com\/devises\/#website"},"primaryImageOfPage":{"@id":"https:\/\/blog.ccopera.com\/devises\/mobilisations-attendues-le-10-et-18-septembre-2025-9200#primaryimage"},"image":{"@id":"https:\/\/blog.ccopera.com\/devises\/mobilisations-attendues-le-10-et-18-septembre-2025-9200#primaryimage"},"thumbnailUrl":"https:\/\/blog.ccopera.com\/devises\/wp-content\/uploads\/sites\/4\/2025\/09\/mobilisation-sept.png","datePublished":"2025-09-09T07:10:22+00:00","dateModified":"2025-09-10T07:50:06+00:00","description":"Pr\u00e9voyez un d\u00e9lai suppl\u00e9mentaire pour l'acheminement de vos devises autour du 10 et 18 septembre 2025","breadcrumb":{"@id":"https:\/\/blog.ccopera.com\/devises\/mobilisations-attendues-le-10-et-18-septembre-2025-9200#breadcrumb"},"inLanguage":"fr-FR","potentialAction":[{"@type":"ReadAction","target":["https:\/\/blog.ccopera.com\/devises\/mobilisations-attendues-le-10-et-18-septembre-2025-9200"]}]},{"@type":"ImageObject","inLanguage":"fr-FR","@id":"https:\/\/blog.ccopera.com\/devises\/mobilisations-attendues-le-10-et-18-septembre-2025-9200#primaryimage","url":"https:\/\/blog.ccopera.com\/devises\/wp-content\/uploads\/sites\/4\/2025\/09\/mobilisation-sept.png","contentUrl":"https:\/\/blog.ccopera.com\/devises\/wp-content\/uploads\/sites\/4\/2025\/09\/mobilisation-sept.png","width":1500,"height":600},{"@type":"BreadcrumbList","@id":"https:\/\/blog.ccopera.com\/devises\/mobilisations-attendues-le-10-et-18-septembre-2025-9200#breadcrumb","itemListElement":[{"@type":"ListItem","position":1,"name":"Accueil","item":"https:\/\/blog.ccopera.com\/devises"},{"@type":"ListItem","position":2,"name":"Mobilisations attendues le 10 et 18 septembre 2025"}]},{"@type":"WebSite","@id":"https:\/\/blog.ccopera.com\/devises\/#website","url":"https:\/\/blog.ccopera.com\/devises\/","name":"Blog devises","description":"","publisher":{"@id":"https:\/\/blog.ccopera.com\/devises\/#organization"},"potentialAction":[{"@type":"SearchAction","target":{"@type":"EntryPoint","urlTemplate":"https:\/\/blog.ccopera.com\/devises\/?s={search_term_string}"},"query-input":{"@type":"PropertyValueSpecification","valueRequired":true,"valueName":"search_term_string"}}],"inLanguage":"fr-FR"},{"@type":"Organization","@id":"https:\/\/blog.ccopera.com\/devises\/#organization","name":"Blog devises","url":"https:\/\/blog.ccopera.com\/devises\/","logo":{"@type":"ImageObject","inLanguage":"fr-FR","@id":"https:\/\/blog.ccopera.com\/devises\/#\/schema\/logo\/image\/","url":"https:\/\/blog.ccopera.com\/devises\/wp-content\/uploads\/sites\/4\/2023\/09\/logo_512.png","contentUrl":"https:\/\/blog.ccopera.com\/devises\/wp-content\/uploads\/sites\/4\/2023\/09\/logo_512.png","width":512,"height":322,"caption":"Blog devises"},"image":{"@id":"https:\/\/blog.ccopera.com\/devises\/#\/schema\/logo\/image\/"}},{"@type":"Person","@id":"https:\/\/blog.ccopera.com\/devises\/#\/schema\/person\/78268f09e2b3505798c615a82beea618","name":"blogccopera","image":{"@type":"ImageObject","inLanguage":"fr-FR","@id":"https:\/\/blog.ccopera.com\/devises\/#\/schema\/person\/image\/","url":"https:\/\/secure.gravatar.com\/avatar\/b45850bc33d94214253c25806fbc13ab?s=96&d=mm&r=g","contentUrl":"https:\/\/secure.gravatar.com\/avatar\/b45850bc33d94214253c25806fbc13ab?s=96&d=mm&r=g","caption":"blogccopera"},"url":"https:\/\/blog.ccopera.com\/devises\/author\/blogccopera"}]}},"_links":{"self":[{"href":"https:\/\/blog.ccopera.com\/devises\/wp-json\/wp\/v2\/posts\/9200"}],"collection":[{"href":"https:\/\/blog.ccopera.com\/devises\/wp-json\/wp\/v2\/posts"}],"about":[{"href":"https:\/\/blog.ccopera.com\/devises\/wp-json\/wp\/v2\/types\/post"}],"author":[{"embeddable":true,"href":"https:\/\/blog.ccopera.com\/devises\/wp-json\/wp\/v2\/users\/8"}],"replies":[{"embeddable":true,"href":"https:\/\/blog.ccopera.com\/devises\/wp-json\/wp\/v2\/comments?post=9200"}],"version-history":[{"count":2,"href":"https:\/\/blog.ccopera.com\/devises\/wp-json\/wp\/v2\/posts\/9200\/revisions"}],"predecessor-version":[{"id":9205,"href":"https:\/\/blog.ccopera.com\/devises\/wp-json\/wp\/v2\/posts\/9200\/revisions\/9205"}],"wp:featuredmedia":[{"embeddable":true,"href":"https:\/\/blog.ccopera.com\/devises\/wp-json\/wp\/v2\/media\/9204"}],"wp:attachment":[{"href":"https:\/\/blog.ccopera.com\/devises\/wp-json\/wp\/v2\/media?parent=9200"}],"wp:term":[{"taxonomy":"category","embeddable":true,"href":"https:\/\/blog.ccopera.com\/devises\/wp-json\/wp\/v2\/categories?post=9200"},{"taxonomy":"post_tag","embeddable":true,"href":"https:\/\/blog.ccopera.com\/devises\/wp-json\/wp\/v2\/tags?post=9200"}],"curies":[{"name":"wp","href":"https:\/\/api.w.org\/{rel}","templated":true}]}}