{"id":3718,"date":"2018-03-23T16:29:00","date_gmt":"2018-03-23T16:29:00","guid":{"rendered":"https:\/\/blog.ccopera.com\/devises\/2018-03-23-revue-du-web-des-devises-22-03-2018-l-euro-en-baisse-face-au-dollar-3718"},"modified":"2024-07-03T09:03:52","modified_gmt":"2024-07-03T09:03:52","slug":"2018-03-23-revue-du-web-des-devises-22-03-2018-l-euro-en-baisse-face-au-dollar","status":"publish","type":"post","link":"https:\/\/blog.ccopera.com\/devises\/2018-03-23-revue-du-web-des-devises-22-03-2018-l-euro-en-baisse-face-au-dollar-3718","title":{"rendered":"Revue du Web des devises 22\/03\/2018 : L\u2019euro en baisse face au dollar"},"content":{"rendered":"<div class=\"wp-block-image\">\n<figure class=\"aligncenter size-large\"><img loading=\"lazy\" decoding=\"async\" width=\"1024\" height=\"307\" src=\"https:\/\/blog.ccopera.com\/devises\/wp-content\/uploads\/sites\/4\/2024\/05\/REVUE-DE-PRESSE-CCO-1-1024x307.png\" alt=\"Revue du Web des devises 22\/03\/2018 \" class=\"wp-image-5704\" srcset=\"https:\/\/blog.ccopera.com\/devises\/wp-content\/uploads\/sites\/4\/2024\/05\/REVUE-DE-PRESSE-CCO-1-1024x307.png 1024w, https:\/\/blog.ccopera.com\/devises\/wp-content\/uploads\/sites\/4\/2024\/05\/REVUE-DE-PRESSE-CCO-1-300x90.png 300w, https:\/\/blog.ccopera.com\/devises\/wp-content\/uploads\/sites\/4\/2024\/05\/REVUE-DE-PRESSE-CCO-1-768x230.png 768w, https:\/\/blog.ccopera.com\/devises\/wp-content\/uploads\/sites\/4\/2024\/05\/REVUE-DE-PRESSE-CCO-1.png 1250w\" sizes=\"(max-width: 1024px) 100vw, 1024px\" \/><\/figure><\/div>\n\n\n<p><strong style=\"font-family: 'Times New Roman'; font-size: 16px;\"><span style=\"font-size: 11pt; font-family: Calibri;\"><span style=\"background: white;\">L\u2019euro a bien du mal \u00e0 se stabiliser encore cette semaine, fluctuant au gr\u00e9 des chiffres am\u00e9ricains, de la r\u00e9union de la FED, ou encore des diff\u00e9rentes d\u00e9clarations de la BCE, pendant que le dollar profite de donn\u00e9es \u00e9conomiques US meilleures que pr\u00e9vu. Voici notre revue de presse du Web des devises de la semaine.<\/span><\/span><\/strong><\/p>\n\n\n\n<p><strong style=\"font-size: 12pt;\"><span style=\"font-size: 11pt; font-family: Calibri; background: white;\">Devises : l&rsquo;euro rebondit, la fin du \u00ab\u00a0QE\u00a0\u00bb se profile en 2018&nbsp;<\/span><\/strong><\/p>\n\n\n\n<p><span style=\"font-size: 11.0pt; font-family: Calibri; mso-ascii-theme-font: minor-latin; mso-hansi-theme-font: minor-latin; mso-bidi-font-family: Calibri; mso-bidi-theme-font: minor-latin;\">La semaine derni\u00e8re, l\u2019euro faisait duyo-yo. Apr\u00e8s une remont\u00e9e le mardi, il baissait \u00e0 nouveau le lendemain. Cette semaine, rebelote. Le lundi matin, l\u2019euro baissait&nbsp;: \u00ab&nbsp;<em style=\"mso-bidi-font-style: normal;\"><span style=\"color: #262626; background: white;\">L&rsquo;euro baissait lundi face \u00e0 un dollar profitant toujours de donn\u00e9es encourageantes sur l&rsquo;\u00e9conomie des \u00c9tats-Unis \u00e0 quelques jours d&rsquo;une r\u00e9union mon\u00e9taire de la banque centrale am\u00e9ricaine (FED)<\/span><\/em><span style=\"color: #262626; background: white;\">&nbsp;\u00bb, expliquait<\/span><\/span><a href=\"http:\/\/www.zonebourse.com\/EURO-US-DOLLAR-EUR-USD-4591\/actualite\/L-euro-en-baisse-face-a-un-dollar-profitant-de-donnees-economiques-26187784\/\"><span style=\"font-size: 11.0pt; font-family: Calibri; mso-ascii-theme-font: minor-latin; mso-hansi-theme-font: minor-latin; mso-bidi-font-family: Calibri; mso-bidi-theme-font: minor-latin; background: white;\">ZoneBourse.com.<\/span><\/a><span style=\"font-size: 11.0pt; font-family: Calibri; mso-ascii-theme-font: minor-latin; mso-hansi-theme-font: minor-latin; mso-bidi-font-family: Calibri; mso-bidi-theme-font: minor-latin; color: #262626; background: white;\">Le billet vert \u00e9tait donc en hausse, profitant des chiffres de la production industrielle am\u00e9ricaine meilleurs que pr\u00e9vu&nbsp;et d\u2019un moral des m\u00e9nages en hausse. Ainsi, \u00ab&nbsp;<em style=\"mso-bidi-font-style: normal;\">Vers 07H00 GMT (08H00 \u00e0 Paris), l&rsquo;euro valait 1,2267 dollar contre 1,2290 dollar vendredi vers 22H00 GMT<\/em>&nbsp;\u00bb. <\/span><\/p>\n\n\n\n<p>Mais <span style=\"font-size: 11.0pt; font-family: Calibri; mso-ascii-theme-font: minor-latin; mso-hansi-theme-font: minor-latin; mso-bidi-font-family: Calibri; mso-bidi-theme-font: minor-latin;\">la monnaie unique montait de 0,14 % ce lundi en fin de journ\u00e9e,b\u00e9n\u00e9ficiant \u00ab&nbsp;<em style=\"mso-bidi-font-style: normal;\"><span style=\"background: white;\">d&rsquo;informations \u00e9voquant la fin du programme de rachat d&rsquo;actifs de la BCE en 2018, suivi d&rsquo;un rel\u00e8vement tr\u00e8s progressif des taux directeurs \u00e0 partir de la mi-2019<\/span><\/em><span style=\"background: white;\">&nbsp;\u00bb peut-on lire <span style=\"color: #333333;\">sur <\/span><\/span><\/span><a href=\"https:\/\/www.boursier.com\/devises\/actualites\/news\/devises-l-euro-rebondit-la-fin-du-qe-se-profile-en-2018-760163.html\"><span style=\"font-size: 11.0pt; font-family: Calibri; mso-ascii-theme-font: minor-latin; mso-hansi-theme-font: minor-latin; mso-bidi-font-family: Calibri; mso-bidi-theme-font: minor-latin; background: white;\">Boursier.com<\/span><\/a><span style=\"font-size: 11.0pt; font-family: Calibri; mso-ascii-theme-font: minor-latin; mso-hansi-theme-font: minor-latin; mso-bidi-font-family: Calibri; mso-bidi-theme-font: minor-latin; color: #333333; background: white;\">.<\/span><\/p>\n\n\n\n<p><span style=\"font-size: 11.0pt; font-family: Calibri; mso-ascii-theme-font: minor-latin; mso-hansi-theme-font: minor-latin; mso-bidi-font-family: Calibri; mso-bidi-theme-font: minor-latin; color: black; background: white;\">Mais mercredi midi, l\u2019euro<\/span><span style=\"font-size: 11.0pt; font-family: Calibri; mso-ascii-theme-font: minor-latin; mso-hansi-theme-font: minor-latin; mso-bidi-font-family: Calibri; mso-bidi-theme-font: minor-latin;\">se tassait \u00e0 nouveau de 0,19 %, \u00e0 1,2312 dollar comme le rapporte sur <\/span><a href=\"https:\/\/www.boursorama.com\/bourse\/actualites\/devises-l-euro-tient-les-1-23-dollar-avant-le-fomc-6e4f4e401d5a0960bb08523a1df02050\"><span style=\"font-size: 11.0pt; font-family: Calibri; mso-ascii-theme-font: minor-latin; mso-hansi-theme-font: minor-latin; mso-bidi-font-family: Calibri; mso-bidi-theme-font: minor-latin;\">Boursorama.com dans une news Cercle Finance<\/span><\/a><span style=\"font-size: 11.0pt; font-family: Calibri; mso-ascii-theme-font: minor-latin; mso-hansi-theme-font: minor-latin; mso-bidi-font-family: Calibri; mso-bidi-theme-font: minor-latin;\">, dans l\u2019attente de la r\u00e9union de la FED qui devrait voir les taux d\u2019int\u00e9r\u00eat remont\u00e9s. <\/span><\/p>\n\n\n\n<p><span style=\"font-size: 11.0pt; font-family: Calibri; mso-ascii-theme-font: minor-latin; mso-hansi-theme-font: minor-latin; mso-bidi-font-family: Calibri; mso-bidi-theme-font: minor-latin; color: black; background: white;\">\u00ab&nbsp;Devises : l&rsquo;euro repart en baisse, avant la FED&nbsp;\u00bb c\u2019est le titre de l\u2019article de <\/span><a href=\"https:\/\/www.boursier.com\/devises\/actualites\/news\/devises-l-euro-repart-en-baisse-avant-la-fed-760287.html\"><span style=\"font-size: 11.0pt; font-family: Calibri; mso-ascii-theme-font: minor-latin; mso-hansi-theme-font: minor-latin; mso-bidi-font-family: Calibri; mso-bidi-theme-font: minor-latin; background: white;\">Boursier.com<\/span><\/a><span style=\"font-size: 11.0pt; font-family: Calibri; mso-ascii-theme-font: minor-latin; mso-hansi-theme-font: minor-latin; mso-bidi-font-family: Calibri; mso-bidi-theme-font: minor-latin; color: black; background: white;\"> ce m\u00eame jour qui fait \u00e9tat du recul de la devise europ\u00e9enne. Pour le site, si l\u2019anticipation du rel\u00e8vement des taux par la FED ont pes\u00e9 sur l\u2019euro, il y a aussi le moral des investisseurs allemands, qui conna\u00eet un <\/span><span style=\"font-size: 11.0pt; font-family: Calibri; mso-ascii-theme-font: minor-latin; mso-hansi-theme-font: minor-latin; mso-bidi-font-family: Calibri; mso-bidi-theme-font: minor-latin; background: white;\">\u00ab&nbsp;<em style=\"mso-bidi-font-style: normal;\">passage \u00e0 vide<\/em>&nbsp;\u00bb, qui a pes\u00e9 dans la balance&nbsp;: \u00ab&nbsp;<em style=\"mso-bidi-font-style: normal;\">Le retour de la volatilit\u00e9 sur les march\u00e9s financiers n&rsquo;\u00e9pargne pas l&rsquo;euro. La devise unique europ\u00e9enne, qui avait commenc\u00e9 la semaine en hausse lundi, est repartie en nette baisse mardi apr\u00e8s l&rsquo;annonce d&rsquo;un recul surprise du moral des investisseurs allemands&nbsp;<span style=\"border: none windowtext 1.0pt; mso-border-alt: none windowtext 0cm; padding: 0cm; mso-bidi-font-weight: bold;\">(mesur\u00e9 par l&rsquo;indice ZEW).<\/span><\/em><\/span><span style=\"font-size: 11.0pt; font-family: Calibri; mso-ascii-theme-font: minor-latin; mso-hansi-theme-font: minor-latin; mso-bidi-font-family: Calibri; mso-bidi-theme-font: minor-latin;\">&nbsp;\u00bb En effet, la perspective de l\u2019arr\u00eat du programme de rachats d\u2019actifs par la BCE commence \u00e0 se faire sentir&nbsp;: en <span style=\"background: white;\">mars, l\u2019indiceZEW \u00ab&nbsp;<em style=\"mso-bidi-font-style: normal;\">est ressorti \u00e0 seulement 5,1 points, apr\u00e8s 17,8 en f\u00e9vrier, et alors que le consensus tablait sur 13,1<\/em><\/span>&nbsp;\u00bb.Si la fin des QE peut \u00eatre accueilli positivement, il peut \u00e9galement susciter des craintes&nbsp;: \u00ab&nbsp;<em style=\"mso-bidi-font-style: normal;\"><span style=\"background: white;\">la Banque centrale europ\u00e9enne devra retirer son soutien mon\u00e9taire avec prudence pour \u00e9viter des turbulences sur les march\u00e9s<\/span><\/em><span style=\"background: white;\">.&nbsp;\u00bb <\/span>L\u2019euro perdait ainsi 0,66 %, \u00e0 1,2255 dollar ce mercredi.<span style=\"background: white;\"><br><strong style=\"mso-bidi-font-weight: normal;\"><span style=\"color: black;\"><br>Le dollar monte face \u00e0 l\u2019euro, aid\u00e9 par des donn\u00e9es \u00e9conomiques<br><\/span><\/strong><span style=\"color: black;\">Vendredi dernier, alors que le dollar avait d\u00e9marr\u00e9 la semaine en <\/span>baisse,il\u00ab&nbsp;<em style=\"mso-bidi-font-style: normal;\">avan\u00e7ait un peu vendredi face \u00e0 l&rsquo;euro, revigor\u00e9 par des donn\u00e9es encourageantes sur l&rsquo;\u00e9conomie des \u00c9tats-Unis \u00e0 quelques jours d&rsquo;une r\u00e9union mon\u00e9taire de la banque centrale am\u00e9ricaine (FED)<\/em>&nbsp;\u00bb expliquait <\/span><\/span><a href=\"http:\/\/www.zonebourse.com\/EURO-US-DOLLAR-EUR-USD-4591\/actualite\/Le-dollar-monte-face-a-l-euro-aide-par-des-donnees-economiques-26180167\/\"><span style=\"font-size: 11.0pt; font-family: Calibri; mso-ascii-theme-font: minor-latin; mso-hansi-theme-font: minor-latin; mso-bidi-font-family: Calibri; mso-bidi-theme-font: minor-latin; background: white;\">ZoneBourse.com relayant une news AWP\/AFP<\/span><\/a><span style=\"font-size: 11.0pt; font-family: Calibri; mso-ascii-theme-font: minor-latin; mso-hansi-theme-font: minor-latin; mso-bidi-font-family: Calibri; mso-bidi-theme-font: minor-latin; color: black; background: white;\">. Ainsi, il profitait d\u2019une hausse forte de la production industrielle ainsi que d\u2019un meilleur moral des m\u00e9nages am\u00e9ricains, qui atteignait un plus haut depuis 2004.<\/span><\/p>\n\n\n\n<p>Mardi, le billet vert continuait sa progression. \u00ab&nbsp;Le dollar avance face \u00e0 l&rsquo;euro, confiant sur une hausse de taux de la FED&nbsp;\u00bb c\u2019est le titre d\u2019un article de <span style=\"font-size: 11.0pt; font-family: Calibri; mso-ascii-theme-font: minor-latin; mso-hansi-theme-font: minor-latin; mso-bidi-font-family: Calibri; mso-bidi-theme-font: minor-latin; background: white;\"><a href=\"http:\/\/www.zonebourse.com\/EURO-US-DOLLAR-EUR-USD-4591\/actualite\/Le-dollar-avance-face-a-l-euro-confiant-sur-une-hausse-de-taux-de-la-Fed-26198407\/\">ZoneBourse.com<\/a>&nbsp;<\/span><span style=\"font-size: 11.0pt; font-family: Calibri; mso-ascii-theme-font: minor-latin; mso-hansi-theme-font: minor-latin; mso-bidi-font-family: Calibri; mso-bidi-theme-font: minor-latin; background: white;\">\u00e9galement&nbsp;: \u00ab&nbsp;<em style=\"mso-bidi-font-style: normal;\">Le billet vert se trouvait renforc\u00e9 \u00e0 l&rsquo;ouverture de la r\u00e9union de la FED qui doit se terminer mercredi et pour laquelle les march\u00e9s anticipent une hausse des taux d&rsquo;un quart de point.<\/em>&nbsp;\u00bb Une r\u00e9union suivie de pr\u00e8s par les investisseurs, \u00e0 l\u2019aff\u00fbt du moindre propos de Powell, dont cela sera la premi\u00e8re r\u00e9union<span style=\"color: #262626;\">, afin de savoir s\u2019il y aura 3 ou 4 rel\u00e8vements de taux cette ann\u00e9e.<\/span><\/span><\/p>\n\n\n\n<p><strong style=\"mso-bidi-font-weight: normal;\"><span style=\"font-size: 11.0pt; font-family: Calibri; mso-ascii-theme-font: minor-latin; mso-hansi-theme-font: minor-latin; mso-bidi-font-family: Calibri; mso-bidi-theme-font: minor-latin; color: black; background: white;\">&nbsp;<\/span><\/strong><\/p>\n\n\n\n<p><strong style=\"mso-bidi-font-weight: normal;\"><span style=\"font-size: 11.0pt; font-family: Calibri; mso-ascii-theme-font: minor-latin; mso-hansi-theme-font: minor-latin; mso-bidi-font-family: Calibri; mso-bidi-theme-font: minor-latin; color: black; background: white;\">Pourquoi la hausse du dollar n\u2019a pas eu lieu <br><\/span><\/strong><span style=\"font-size: 11.0pt; font-family: Calibri; mso-ascii-theme-font: minor-latin; mso-hansi-theme-font: minor-latin; mso-bidi-font-family: Calibri; mso-bidi-theme-font: minor-latin; color: black; background: white;\">C\u2019est la question que se posait <\/span><a href=\"http:\/\/www.lemonde.fr\/idees\/article\/2018\/03\/21\/pourquoi-la-hausse-du-dollar-n-a-pas-eu-lieu_5274107_3232.html\"><em style=\"mso-bidi-font-style: normal;\"><span style=\"font-size: 11.0pt; font-family: Calibri; mso-ascii-theme-font: minor-latin; mso-hansi-theme-font: minor-latin; mso-bidi-font-family: Calibri; mso-bidi-theme-font: minor-latin; background: white;\">Le Monde<\/span><\/em><\/a><span style=\"font-size: 11.0pt; font-family: Calibri; mso-ascii-theme-font: minor-latin; mso-hansi-theme-font: minor-latin; mso-bidi-font-family: Calibri; mso-bidi-theme-font: minor-latin; color: black; background: white;\"> ce mercredi 21 mars. De nombreux analystes avaient anticip\u00e9 une hausse du billet vert. Ils se sont tromp\u00e9s puisque le dollar a chut\u00e9 de 8 % entre janvier 2017 et janvier 2018. Les baisses d\u2019imp\u00f4ts voulues par Trump et la hausse des taux d\u2019int\u00e9r\u00eat auraient d\u00fb soutenir le dollar. Mais le pr\u00e9sident am\u00e9ricain a eu bien du mal \u00e0 mettre en \u0153uvre sa r\u00e9forme, ce qui a sans doute pes\u00e9 sur le dollar. L\u2019article ajoute&nbsp;: \u00ab&nbsp;<\/span><em style=\"mso-bidi-font-style: normal;\"><span style=\"font-size: 11.0pt; font-family: Calibri; mso-ascii-theme-font: minor-latin; mso-hansi-theme-font: minor-latin; mso-bidi-font-family: Calibri; mso-bidi-theme-font: minor-latin; color: #16212c;\">Autre explication&nbsp;: les investisseurs s\u2019attendaient \u00e0 ce que ce soit l\u2019inflation, et non l\u2019appr\u00e9ciation du dollar, qui engendre la hausse du taux de change r\u00e9el&nbsp;; le dollar a baiss\u00e9 parce que la Fed n\u2019a pas atteint sa cible en mati\u00e8re d\u2019inflation. Mais l\u2019inflation n\u2019a pas augment\u00e9 entre janvier&nbsp;2017 et janvier&nbsp;2018&nbsp;! Aujourd\u2019hui, les march\u00e9s craignent non pas que la Fed n\u2019atteigne pas sa cible d\u2019inflation, mais qu\u2019elle augmente plus rapidement que pr\u00e9vu les taux d\u2019int\u00e9r\u00eat pour \u00e9viter une surchauffe. (\u2026) Il existe au moins dix-sept autres explications de la faiblesse du dollar, certaines pertinentes, d\u2019autres distrayantes. Mais la plupart ne prennent pas en compte l\u2019explication la plus probable&nbsp;: l\u2019impr\u00e9visibilit\u00e9 de Trump<\/span><\/em><span style=\"font-size: 11.0pt; font-family: Calibri; mso-ascii-theme-font: minor-latin; mso-hansi-theme-font: minor-latin; mso-bidi-font-family: Calibri; mso-bidi-theme-font: minor-latin; color: #16212c;\">.&nbsp;\u00bbEnfin, \u00ab&nbsp;<em style=\"mso-bidi-font-style: normal;\">Donald Trump remet maintenant en cause les alliances des \u00c9tats-Unis, pousse consciemment ou non son homologue russe, Vladimir Poutine, \u00e0&nbsp;<\/em><\/span><em style=\"mso-bidi-font-style: normal;\"><span style=\"font-size: 11.0pt; font-family: Calibri; mso-ascii-theme-font: minor-latin; mso-hansi-theme-font: minor-latin; mso-bidi-font-family: Calibri; mso-bidi-theme-font: minor-latin;\">se vanter<span style=\"color: #16212c;\">&nbsp;de nouvelles armes offensives, propage l\u2019id\u00e9e d\u2019un&nbsp;<\/span>arr\u00eat des activit\u00e9s du gouvernement<span style=\"color: #16212c;\">&nbsp;(<em><span style=\"font-family: Calibri; mso-ascii-theme-font: minor-latin; mso-hansi-theme-font: minor-latin; mso-bidi-font-family: Calibri; mso-bidi-theme-font: minor-latin;\">shutdown<\/span><\/em>), ce qui alimente les doutes sur la liquidit\u00e9 du march\u00e9 des bons du Tr\u00e9sor am\u00e9ricain<\/span><\/span><\/em><span style=\"font-size: 11.0pt; font-family: Calibri; mso-ascii-theme-font: minor-latin; mso-hansi-theme-font: minor-latin; mso-bidi-font-family: Calibri; mso-bidi-theme-font: minor-latin; color: #16212c;\">&nbsp;\u00bb. <\/span><\/p>\n\n\n\n<p><strong style=\"mso-bidi-font-weight: normal;\"><span style=\"font-size: 11.0pt; font-family: Calibri; mso-ascii-theme-font: minor-latin; mso-hansi-theme-font: minor-latin; mso-bidi-font-family: Calibri; mso-bidi-theme-font: minor-latin; color: black; background: white;\">Le franc suisse en danger apr\u00e8s l\u2019intervention de la BNS<\/span><\/strong><span style=\"font-size: 11.0pt; font-family: Calibri; mso-ascii-theme-font: minor-latin; mso-hansi-theme-font: minor-latin; mso-bidi-font-family: Calibri; mso-bidi-theme-font: minor-latin; color: black; background: white;\"><br>Et c\u2019est <\/span><a href=\"https:\/\/www.dailyfx.com\/francais\/actualite_forex_trading\/fondamentaux\/alertes_de_marches\/2018\/03\/15\/EURCHF-le-franc-suisse-en-danger-intervention-de-la-BNS.html\"><span style=\"font-size: 11.0pt; font-family: Calibri; mso-ascii-theme-font: minor-latin; mso-hansi-theme-font: minor-latin; mso-bidi-font-family: Calibri; mso-bidi-theme-font: minor-latin; background: white;\">DailyFx.com<\/span><\/a><span style=\"font-size: 11.0pt; font-family: Calibri; mso-ascii-theme-font: minor-latin; mso-hansi-theme-font: minor-latin; mso-bidi-font-family: Calibri; mso-bidi-theme-font: minor-latin; color: black; background: white;\"> qui en parlait le jeudi 15 mars. Le site d\u2019actualit\u00e9s et d\u2019analyses de march\u00e9 <\/span><span style=\"font-size: 11.0pt; font-family: Calibri; mso-ascii-theme-font: minor-latin; mso-hansi-theme-font: minor-latin; mso-bidi-font-family: Calibri; mso-bidi-theme-font: minor-latin; background: white;\">expliquait que \u00ab&nbsp;<em style=\"mso-bidi-font-style: normal;\">la BNS confirme sa politique expansionniste procurant un risque baissier au franc suisse<\/em>&nbsp;\u00bb. Ainsi, la Banque nationale suisse a d\u00e9cid\u00e9 de continuer sa politique mon\u00e9taire accommodante, ce qui a eu pour effet de faire baisser le franc suisse face \u00e0 l\u2019euro. Elle a ainsi justifi\u00e9 ce statu quo&nbsp;d\u00e9favorable au franc suisse : <em style=\"mso-bidi-font-style: normal;\">\u00ab&nbsp;la BNS a conserv\u00e9 un ton prudent, avertissant toutefois le march\u00e9 EUR\/CHF d\u2019une r\u00e9vision \u00e0 la baisse des pr\u00e9visions d\u2019inflation (0,6% vs 0,7% pour 2018 et 0,9% vs 1,1% pour 2019). Dans son rapport, la BNS souligne par ailleurs sa pr\u00e9occupation quant \u00e0 la vigueur du franc suisse.<\/em>&nbsp;\u00bb<\/span><\/p>\n\n\n\n<p><strong style=\"mso-bidi-font-weight: normal;\"><span style=\"font-size: 11.0pt; font-family: Calibri; mso-ascii-theme-font: minor-latin; mso-hansi-theme-font: minor-latin; mso-bidi-font-family: Calibri; mso-bidi-theme-font: minor-latin; color: black; background: white;\">La banque de Norv\u00e8ge pr\u00e9voit de relever \u00ab\u00a0bient\u00f4t\u00a0\u00bb son taux directeur, la couronne s&rsquo;appr\u00e9cie <br><\/span><\/strong><span style=\"font-size: 11.0pt; font-family: Calibri; mso-ascii-theme-font: minor-latin; mso-hansi-theme-font: minor-latin; mso-bidi-font-family: Calibri; mso-bidi-theme-font: minor-latin; color: black; background: white;\">La Norges Bank, la Banque centrale de Norv\u00e8ge, elle, a pr\u00e9vu de remonter ses taux, nous apprend un article du <\/span><em style=\"mso-bidi-font-style: normal;\"><span style=\"font-size: 11.0pt; font-family: Calibri; mso-ascii-theme-font: minor-latin; mso-hansi-theme-font: minor-latin; mso-bidi-font-family: Calibri; mso-bidi-theme-font: minor-latin; background: white;\"><a href=\"http:\/\/bourse.lefigaro.fr\/devises-matieres-premieres\/actu-conseils\/la-banque-de-norvege-prevoit-de-relever-bientot-son-taux-directeur-la-couronne-s-apprecie-6476672\">Figaro<\/a>&nbsp;<\/span><\/em><span style=\"font-size: 11.0pt; font-family: Calibri; mso-ascii-theme-font: minor-latin; mso-hansi-theme-font: minor-latin; mso-bidi-font-family: Calibri; mso-bidi-theme-font: minor-latin; color: black; background: white;\">du jeudi 15 mars, relayant une news Agence Option Finance. Le gouverneur de la Banque centrale de Norv\u00e8ge a ainsi d\u00e9clar\u00e9 que \u00ab&nbsp;<em style=\"mso-bidi-font-style: normal;\">les perspectives de l&rsquo;\u00e9conomie norv\u00e9gienne sugg\u00e8re qu&rsquo;il sera bient\u00f4t appropri\u00e9 de relever notre taux directeur<\/em>&nbsp;\u00bb. Il a cependant mod\u00e9r\u00e9 ses propos, rajoutant que la prudence \u00e9tait cependant de mise, propos tout justifi\u00e9 puisque la banque a abaiss\u00e9 sa pr\u00e9vision d\u2019inflation de 2,5 \u00e0 2 %. N\u00e9anmoins, cette annonce a eu pour effet de faire grimper la couronne norv\u00e9gienne dans un cour laps de temps, passant de 0,10463 \u00e0 0,10524 euro. <\/span><\/p>\n\n\n\n<p><strong style=\"mso-bidi-font-weight: normal;\"><span style=\"font-size: 11.0pt; font-family: Calibri; mso-ascii-theme-font: minor-latin; mso-hansi-theme-font: minor-latin; mso-bidi-font-family: Calibri; mso-bidi-theme-font: minor-latin; color: black; background: white;\">Le dollar australien sous pression<\/span><\/strong><span style=\"font-size: 11.0pt; font-family: Calibri; mso-ascii-theme-font: minor-latin; mso-hansi-theme-font: minor-latin; mso-bidi-font-family: Calibri; mso-bidi-theme-font: minor-latin; color: black; background: white;\"><br>Le dollar australien a bien du mal \u00e0 remonter la pente. <\/span><a href=\"https:\/\/www.dailyfx.com\/francais\/actualite_forex_trading\/technique\/forex\/2018\/03\/15\/AUDUSD-EURAUD-Analyse-technique-du-dollar-australien.html\"><span style=\"font-size: 11.0pt; font-family: Calibri; mso-ascii-theme-font: minor-latin; mso-hansi-theme-font: minor-latin; mso-bidi-font-family: Calibri; mso-bidi-theme-font: minor-latin; background: white;\">DailyFx.com<\/span><\/a><span style=\"font-size: 11.0pt; font-family: Calibri; mso-ascii-theme-font: minor-latin; mso-hansi-theme-font: minor-latin; mso-bidi-font-family: Calibri; mso-bidi-theme-font: minor-latin; color: black; background: white;\">, dans un article du jeudi 15 mars, expliquait qu\u2019il restait sous pression en raison des \u00ab&nbsp;<em style=\"mso-bidi-font-style: normal;\">inqui\u00e9tudes du march\u00e9 sur les barri\u00e8res commerciales que souhaite mettre en place l\u2019administration de Donald Trump&nbsp;<\/em>\u00bb. On apprend ainsi <\/span><span style=\"font-size: 11.0pt; font-family: Calibri; mso-ascii-theme-font: minor-latin; mso-hansi-theme-font: minor-latin; mso-bidi-font-family: Calibri; mso-bidi-theme-font: minor-latin; background: white;\">que \u00ab&nbsp;<em style=\"mso-bidi-font-style: normal;\">Le dollar australien est en baisse ce matin, en raison de l\u2019impact que pourrait avoir la mise en place de barri\u00e8res commerciales des \u00c9tats-Unis pour la Chine. La Maison-Blanche a affirm\u00e9 hier que le gouvernement cherchait \u00e0 inciter la Chine r\u00e9duire de 100 milliards de dollars son exc\u00e9dent commercial avec les Etats-Unis. Or \u00e9tant donn\u00e9 que l\u2019Australie fournit&nbsp;de nombreuses mati\u00e8res premi\u00e8res \u00e0 la Chine, la mise en place de barri\u00e8res commerciales menacerait par ricochet les exportations australiennes vers la Chine<\/em>&nbsp;\u00bb.<\/span><\/p>\n\n\n\n<p><span style=\"font-size: 11.0pt; font-family: Calibri; mso-ascii-theme-font: minor-latin; mso-hansi-theme-font: minor-latin; mso-bidi-font-family: Calibri; mso-bidi-theme-font: minor-latin; color: black; background: white;\"><br><strong style=\"mso-bidi-font-weight: normal;\">Le dollar canadien, la plus faible des devises majeures<\/strong><br><\/span><span style=\"font-size: 11.0pt; font-family: Calibri; mso-ascii-theme-font: minor-latin; mso-hansi-theme-font: minor-latin; mso-bidi-font-family: Calibri; mso-bidi-theme-font: minor-latin;\">Rien ne va plus pour le loonie. <\/span><a href=\"https:\/\/www.zonebourse.com\/US-DOLLAR-CANADIAN-DOLL-2359031\/analyses-bourse\/La-plus-faible-des-devises-majeures-26186921\/\"><span style=\"font-size: 11.0pt; font-family: Calibri; mso-ascii-theme-font: minor-latin; mso-hansi-theme-font: minor-latin; mso-bidi-font-family: Calibri; mso-bidi-theme-font: minor-latin;\">ZoneBourse.com<\/span><\/a><span style=\"font-size: 11.0pt; font-family: Calibri; mso-ascii-theme-font: minor-latin; mso-hansi-theme-font: minor-latin; mso-bidi-font-family: Calibri; mso-bidi-theme-font: minor-latin;\"> rapportait ce lundi 19 mars la baisse de la devise canadienne&nbsp;: \u00ab&nbsp;<em style=\"mso-bidi-font-style: normal;\"><span style=\"background: white;\">Victime de nombreux facteurs de pression, le Loonie d\u00e9visse s\u00e9rieusement depuis d\u00e9but f\u00e9vrier, atteignant son niveau le plus faible depuis juin 2017, au terme de sa pire semaine en plus d&rsquo;un an face au billet vert<\/span><\/em><span style=\"background: white;\">.&nbsp;\u00bb Tout comme son analogue australien, le dollar canadien souffre de \u00ab&nbsp;<em style=\"mso-bidi-font-style: normal;\">la posture protectionniste du pr\u00e9sident am\u00e9ricain, les Etats-Unis repr\u00e9sentant le principal client d&rsquo;Ottawa<\/em>&nbsp;\u00bb. Trump a cependant assur\u00e9 que les taxes sur l&rsquo;acier et l&rsquo;aluminium ne concerneraient pas le Canada. Ce sont plut\u00f4t les n\u00e9gociations autour des conditions du trait\u00e9 ALENA qui semblent affecter le loonie, atteignant \u00ab&nbsp;<em style=\"mso-bidi-font-style: normal;\">un point de friction apr\u00e8s que le pensionnaire de la Maison-Blanche a tweet\u00e9 que la premi\u00e8re puissance mondiale avait un d\u00e9ficit commercial vis-\u00e0-vis du Canada<\/em>&nbsp;\u00bb.<\/span><\/span><\/p>\n","protected":false},"excerpt":{"rendered":"<p><strong style=\"font-family: &quot;Times New Roman&quot;; font-size: 16px;\"><span style=\"font-size: 11pt; font-family: Calibri;\"><span style=\"background: white;\">L\u2019euro a bien du mal \u00e0 se stabiliser encore cette semaine, fluctuant au gr\u00e9 des chiffres am\u00e9ricains, de la r\u00e9union de la FED, ou encore des diff\u00e9rentes d\u00e9clarations de la BCE, pendant que le dollar profite de donn\u00e9es \u00e9conomiques US meilleures que pr\u00e9vu. Voici notre revue de presse du Web des devises de la semaine.<\/span><\/span><\/strong><\/p>\n","protected":false},"author":8,"featured_media":6310,"comment_status":"closed","ping_status":"closed","sticky":false,"template":"","format":"standard","meta":{"footnotes":""},"categories":[18,17],"tags":[],"yoast_head":"<!-- This site is optimized with the Yoast SEO plugin v23.5 - https:\/\/yoast.com\/wordpress\/plugins\/seo\/ -->\n<title>Revue du Web des devises 22\/03\/2018 : L\u2019euro en baisse face au dollar - Blog devises<\/title>\n<meta name=\"robots\" content=\"index, follow, max-snippet:-1, max-image-preview:large, max-video-preview:-1\" \/>\n<link rel=\"canonical\" href=\"https:\/\/blog.ccopera.com\/devises\/2018-03-23-revue-du-web-des-devises-22-03-2018-l-euro-en-baisse-face-au-dollar-3718\" \/>\n<meta property=\"og:locale\" content=\"fr_FR\" \/>\n<meta property=\"og:type\" content=\"article\" \/>\n<meta property=\"og:title\" content=\"Revue du Web des devises 22\/03\/2018 : L\u2019euro en baisse face au dollar - Blog devises\" \/>\n<meta property=\"og:description\" content=\"L\u2019euro a bien du mal \u00e0 se stabiliser encore cette semaine, fluctuant au gr\u00e9 des chiffres am\u00e9ricains, de la r\u00e9union de la FED, ou encore des diff\u00e9rentes d\u00e9clarations de la BCE, pendant que le dollar profite de donn\u00e9es \u00e9conomiques US meilleures que pr\u00e9vu. Voici notre revue de presse du Web des devises de la semaine.\" \/>\n<meta property=\"og:url\" content=\"https:\/\/blog.ccopera.com\/devises\/2018-03-23-revue-du-web-des-devises-22-03-2018-l-euro-en-baisse-face-au-dollar-3718\" \/>\n<meta property=\"og:site_name\" content=\"Blog devises\" \/>\n<meta property=\"article:published_time\" content=\"2018-03-23T16:29:00+00:00\" \/>\n<meta property=\"article:modified_time\" content=\"2024-07-03T09:03:52+00:00\" \/>\n<meta property=\"og:image\" content=\"https:\/\/blog.ccopera.com\/devises\/wp-content\/uploads\/sites\/4\/2018\/04\/visuel-pour-Wordpress-cco-12.png\" \/>\n\t<meta property=\"og:image:width\" content=\"1250\" \/>\n\t<meta property=\"og:image:height\" content=\"375\" \/>\n\t<meta property=\"og:image:type\" content=\"image\/png\" \/>\n<meta name=\"author\" content=\"blogccopera\" \/>\n<meta name=\"twitter:card\" content=\"summary_large_image\" \/>\n<meta name=\"twitter:label1\" content=\"\u00c9crit par\" \/>\n\t<meta name=\"twitter:data1\" content=\"blogccopera\" \/>\n\t<meta name=\"twitter:label2\" content=\"Dur\u00e9e de lecture estim\u00e9e\" \/>\n\t<meta name=\"twitter:data2\" content=\"8 minutes\" \/>\n<script type=\"application\/ld+json\" class=\"yoast-schema-graph\">{\"@context\":\"https:\/\/schema.org\",\"@graph\":[{\"@type\":\"Article\",\"@id\":\"https:\/\/blog.ccopera.com\/devises\/2018-03-23-revue-du-web-des-devises-22-03-2018-l-euro-en-baisse-face-au-dollar-3718#article\",\"isPartOf\":{\"@id\":\"https:\/\/blog.ccopera.com\/devises\/2018-03-23-revue-du-web-des-devises-22-03-2018-l-euro-en-baisse-face-au-dollar-3718\"},\"author\":{\"name\":\"blogccopera\",\"@id\":\"https:\/\/blog.ccopera.com\/devises\/#\/schema\/person\/78268f09e2b3505798c615a82beea618\"},\"headline\":\"Revue du Web des devises 22\/03\/2018 : L\u2019euro en baisse face au dollar\",\"datePublished\":\"2018-03-23T16:29:00+00:00\",\"dateModified\":\"2024-07-03T09:03:52+00:00\",\"mainEntityOfPage\":{\"@id\":\"https:\/\/blog.ccopera.com\/devises\/2018-03-23-revue-du-web-des-devises-22-03-2018-l-euro-en-baisse-face-au-dollar-3718\"},\"wordCount\":1631,\"publisher\":{\"@id\":\"https:\/\/blog.ccopera.com\/devises\/#organization\"},\"image\":{\"@id\":\"https:\/\/blog.ccopera.com\/devises\/2018-03-23-revue-du-web-des-devises-22-03-2018-l-euro-en-baisse-face-au-dollar-3718#primaryimage\"},\"thumbnailUrl\":\"https:\/\/blog.ccopera.com\/devises\/wp-content\/uploads\/sites\/4\/2018\/04\/visuel-pour-Wordpress-cco-12.png\",\"articleSection\":[\"devises\",\"Revue de presse\"],\"inLanguage\":\"fr-FR\"},{\"@type\":\"WebPage\",\"@id\":\"https:\/\/blog.ccopera.com\/devises\/2018-03-23-revue-du-web-des-devises-22-03-2018-l-euro-en-baisse-face-au-dollar-3718\",\"url\":\"https:\/\/blog.ccopera.com\/devises\/2018-03-23-revue-du-web-des-devises-22-03-2018-l-euro-en-baisse-face-au-dollar-3718\",\"name\":\"Revue du Web des devises 22\/03\/2018 : L\u2019euro en baisse face au dollar - Blog devises\",\"isPartOf\":{\"@id\":\"https:\/\/blog.ccopera.com\/devises\/#website\"},\"primaryImageOfPage\":{\"@id\":\"https:\/\/blog.ccopera.com\/devises\/2018-03-23-revue-du-web-des-devises-22-03-2018-l-euro-en-baisse-face-au-dollar-3718#primaryimage\"},\"image\":{\"@id\":\"https:\/\/blog.ccopera.com\/devises\/2018-03-23-revue-du-web-des-devises-22-03-2018-l-euro-en-baisse-face-au-dollar-3718#primaryimage\"},\"thumbnailUrl\":\"https:\/\/blog.ccopera.com\/devises\/wp-content\/uploads\/sites\/4\/2018\/04\/visuel-pour-Wordpress-cco-12.png\",\"datePublished\":\"2018-03-23T16:29:00+00:00\",\"dateModified\":\"2024-07-03T09:03:52+00:00\",\"breadcrumb\":{\"@id\":\"https:\/\/blog.ccopera.com\/devises\/2018-03-23-revue-du-web-des-devises-22-03-2018-l-euro-en-baisse-face-au-dollar-3718#breadcrumb\"},\"inLanguage\":\"fr-FR\",\"potentialAction\":[{\"@type\":\"ReadAction\",\"target\":[\"https:\/\/blog.ccopera.com\/devises\/2018-03-23-revue-du-web-des-devises-22-03-2018-l-euro-en-baisse-face-au-dollar-3718\"]}]},{\"@type\":\"ImageObject\",\"inLanguage\":\"fr-FR\",\"@id\":\"https:\/\/blog.ccopera.com\/devises\/2018-03-23-revue-du-web-des-devises-22-03-2018-l-euro-en-baisse-face-au-dollar-3718#primaryimage\",\"url\":\"https:\/\/blog.ccopera.com\/devises\/wp-content\/uploads\/sites\/4\/2018\/04\/visuel-pour-Wordpress-cco-12.png\",\"contentUrl\":\"https:\/\/blog.ccopera.com\/devises\/wp-content\/uploads\/sites\/4\/2018\/04\/visuel-pour-Wordpress-cco-12.png\",\"width\":1250,\"height\":375},{\"@type\":\"BreadcrumbList\",\"@id\":\"https:\/\/blog.ccopera.com\/devises\/2018-03-23-revue-du-web-des-devises-22-03-2018-l-euro-en-baisse-face-au-dollar-3718#breadcrumb\",\"itemListElement\":[{\"@type\":\"ListItem\",\"position\":1,\"name\":\"Accueil\",\"item\":\"https:\/\/blog.ccopera.com\/devises\"},{\"@type\":\"ListItem\",\"position\":2,\"name\":\"Revue du Web des devises 22\/03\/2018 : L\u2019euro en baisse face au dollar\"}]},{\"@type\":\"WebSite\",\"@id\":\"https:\/\/blog.ccopera.com\/devises\/#website\",\"url\":\"https:\/\/blog.ccopera.com\/devises\/\",\"name\":\"Blog devises\",\"description\":\"\",\"publisher\":{\"@id\":\"https:\/\/blog.ccopera.com\/devises\/#organization\"},\"potentialAction\":[{\"@type\":\"SearchAction\",\"target\":{\"@type\":\"EntryPoint\",\"urlTemplate\":\"https:\/\/blog.ccopera.com\/devises\/?s={search_term_string}\"},\"query-input\":{\"@type\":\"PropertyValueSpecification\",\"valueRequired\":true,\"valueName\":\"search_term_string\"}}],\"inLanguage\":\"fr-FR\"},{\"@type\":\"Organization\",\"@id\":\"https:\/\/blog.ccopera.com\/devises\/#organization\",\"name\":\"Blog devises\",\"url\":\"https:\/\/blog.ccopera.com\/devises\/\",\"logo\":{\"@type\":\"ImageObject\",\"inLanguage\":\"fr-FR\",\"@id\":\"https:\/\/blog.ccopera.com\/devises\/#\/schema\/logo\/image\/\",\"url\":\"https:\/\/blog.ccopera.com\/devises\/wp-content\/uploads\/sites\/4\/2023\/09\/logo_512.png\",\"contentUrl\":\"https:\/\/blog.ccopera.com\/devises\/wp-content\/uploads\/sites\/4\/2023\/09\/logo_512.png\",\"width\":512,\"height\":322,\"caption\":\"Blog devises\"},\"image\":{\"@id\":\"https:\/\/blog.ccopera.com\/devises\/#\/schema\/logo\/image\/\"}},{\"@type\":\"Person\",\"@id\":\"https:\/\/blog.ccopera.com\/devises\/#\/schema\/person\/78268f09e2b3505798c615a82beea618\",\"name\":\"blogccopera\",\"image\":{\"@type\":\"ImageObject\",\"inLanguage\":\"fr-FR\",\"@id\":\"https:\/\/blog.ccopera.com\/devises\/#\/schema\/person\/image\/\",\"url\":\"https:\/\/secure.gravatar.com\/avatar\/b45850bc33d94214253c25806fbc13ab?s=96&d=mm&r=g\",\"contentUrl\":\"https:\/\/secure.gravatar.com\/avatar\/b45850bc33d94214253c25806fbc13ab?s=96&d=mm&r=g\",\"caption\":\"blogccopera\"},\"url\":\"https:\/\/blog.ccopera.com\/devises\/author\/blogccopera\"}]}<\/script>\n<!-- \/ Yoast SEO plugin. -->","yoast_head_json":{"title":"Revue du Web des devises 22\/03\/2018 : L\u2019euro en baisse face au dollar - Blog devises","robots":{"index":"index","follow":"follow","max-snippet":"max-snippet:-1","max-image-preview":"max-image-preview:large","max-video-preview":"max-video-preview:-1"},"canonical":"https:\/\/blog.ccopera.com\/devises\/2018-03-23-revue-du-web-des-devises-22-03-2018-l-euro-en-baisse-face-au-dollar-3718","og_locale":"fr_FR","og_type":"article","og_title":"Revue du Web des devises 22\/03\/2018 : L\u2019euro en baisse face au dollar - Blog devises","og_description":"L\u2019euro a bien du mal \u00e0 se stabiliser encore cette semaine, fluctuant au gr\u00e9 des chiffres am\u00e9ricains, de la r\u00e9union de la FED, ou encore des diff\u00e9rentes d\u00e9clarations de la BCE, pendant que le dollar profite de donn\u00e9es \u00e9conomiques US meilleures que pr\u00e9vu. Voici notre revue de presse du Web des devises de la semaine.","og_url":"https:\/\/blog.ccopera.com\/devises\/2018-03-23-revue-du-web-des-devises-22-03-2018-l-euro-en-baisse-face-au-dollar-3718","og_site_name":"Blog devises","article_published_time":"2018-03-23T16:29:00+00:00","article_modified_time":"2024-07-03T09:03:52+00:00","og_image":[{"width":1250,"height":375,"url":"https:\/\/blog.ccopera.com\/devises\/wp-content\/uploads\/sites\/4\/2018\/04\/visuel-pour-Wordpress-cco-12.png","type":"image\/png"}],"author":"blogccopera","twitter_card":"summary_large_image","twitter_misc":{"\u00c9crit par":"blogccopera","Dur\u00e9e de lecture estim\u00e9e":"8 minutes"},"schema":{"@context":"https:\/\/schema.org","@graph":[{"@type":"Article","@id":"https:\/\/blog.ccopera.com\/devises\/2018-03-23-revue-du-web-des-devises-22-03-2018-l-euro-en-baisse-face-au-dollar-3718#article","isPartOf":{"@id":"https:\/\/blog.ccopera.com\/devises\/2018-03-23-revue-du-web-des-devises-22-03-2018-l-euro-en-baisse-face-au-dollar-3718"},"author":{"name":"blogccopera","@id":"https:\/\/blog.ccopera.com\/devises\/#\/schema\/person\/78268f09e2b3505798c615a82beea618"},"headline":"Revue du Web des devises 22\/03\/2018 : L\u2019euro en baisse face au dollar","datePublished":"2018-03-23T16:29:00+00:00","dateModified":"2024-07-03T09:03:52+00:00","mainEntityOfPage":{"@id":"https:\/\/blog.ccopera.com\/devises\/2018-03-23-revue-du-web-des-devises-22-03-2018-l-euro-en-baisse-face-au-dollar-3718"},"wordCount":1631,"publisher":{"@id":"https:\/\/blog.ccopera.com\/devises\/#organization"},"image":{"@id":"https:\/\/blog.ccopera.com\/devises\/2018-03-23-revue-du-web-des-devises-22-03-2018-l-euro-en-baisse-face-au-dollar-3718#primaryimage"},"thumbnailUrl":"https:\/\/blog.ccopera.com\/devises\/wp-content\/uploads\/sites\/4\/2018\/04\/visuel-pour-Wordpress-cco-12.png","articleSection":["devises","Revue de presse"],"inLanguage":"fr-FR"},{"@type":"WebPage","@id":"https:\/\/blog.ccopera.com\/devises\/2018-03-23-revue-du-web-des-devises-22-03-2018-l-euro-en-baisse-face-au-dollar-3718","url":"https:\/\/blog.ccopera.com\/devises\/2018-03-23-revue-du-web-des-devises-22-03-2018-l-euro-en-baisse-face-au-dollar-3718","name":"Revue du Web des devises 22\/03\/2018 : L\u2019euro en baisse face au dollar - Blog devises","isPartOf":{"@id":"https:\/\/blog.ccopera.com\/devises\/#website"},"primaryImageOfPage":{"@id":"https:\/\/blog.ccopera.com\/devises\/2018-03-23-revue-du-web-des-devises-22-03-2018-l-euro-en-baisse-face-au-dollar-3718#primaryimage"},"image":{"@id":"https:\/\/blog.ccopera.com\/devises\/2018-03-23-revue-du-web-des-devises-22-03-2018-l-euro-en-baisse-face-au-dollar-3718#primaryimage"},"thumbnailUrl":"https:\/\/blog.ccopera.com\/devises\/wp-content\/uploads\/sites\/4\/2018\/04\/visuel-pour-Wordpress-cco-12.png","datePublished":"2018-03-23T16:29:00+00:00","dateModified":"2024-07-03T09:03:52+00:00","breadcrumb":{"@id":"https:\/\/blog.ccopera.com\/devises\/2018-03-23-revue-du-web-des-devises-22-03-2018-l-euro-en-baisse-face-au-dollar-3718#breadcrumb"},"inLanguage":"fr-FR","potentialAction":[{"@type":"ReadAction","target":["https:\/\/blog.ccopera.com\/devises\/2018-03-23-revue-du-web-des-devises-22-03-2018-l-euro-en-baisse-face-au-dollar-3718"]}]},{"@type":"ImageObject","inLanguage":"fr-FR","@id":"https:\/\/blog.ccopera.com\/devises\/2018-03-23-revue-du-web-des-devises-22-03-2018-l-euro-en-baisse-face-au-dollar-3718#primaryimage","url":"https:\/\/blog.ccopera.com\/devises\/wp-content\/uploads\/sites\/4\/2018\/04\/visuel-pour-Wordpress-cco-12.png","contentUrl":"https:\/\/blog.ccopera.com\/devises\/wp-content\/uploads\/sites\/4\/2018\/04\/visuel-pour-Wordpress-cco-12.png","width":1250,"height":375},{"@type":"BreadcrumbList","@id":"https:\/\/blog.ccopera.com\/devises\/2018-03-23-revue-du-web-des-devises-22-03-2018-l-euro-en-baisse-face-au-dollar-3718#breadcrumb","itemListElement":[{"@type":"ListItem","position":1,"name":"Accueil","item":"https:\/\/blog.ccopera.com\/devises"},{"@type":"ListItem","position":2,"name":"Revue du Web des devises 22\/03\/2018 : L\u2019euro en baisse face au dollar"}]},{"@type":"WebSite","@id":"https:\/\/blog.ccopera.com\/devises\/#website","url":"https:\/\/blog.ccopera.com\/devises\/","name":"Blog devises","description":"","publisher":{"@id":"https:\/\/blog.ccopera.com\/devises\/#organization"},"potentialAction":[{"@type":"SearchAction","target":{"@type":"EntryPoint","urlTemplate":"https:\/\/blog.ccopera.com\/devises\/?s={search_term_string}"},"query-input":{"@type":"PropertyValueSpecification","valueRequired":true,"valueName":"search_term_string"}}],"inLanguage":"fr-FR"},{"@type":"Organization","@id":"https:\/\/blog.ccopera.com\/devises\/#organization","name":"Blog devises","url":"https:\/\/blog.ccopera.com\/devises\/","logo":{"@type":"ImageObject","inLanguage":"fr-FR","@id":"https:\/\/blog.ccopera.com\/devises\/#\/schema\/logo\/image\/","url":"https:\/\/blog.ccopera.com\/devises\/wp-content\/uploads\/sites\/4\/2023\/09\/logo_512.png","contentUrl":"https:\/\/blog.ccopera.com\/devises\/wp-content\/uploads\/sites\/4\/2023\/09\/logo_512.png","width":512,"height":322,"caption":"Blog devises"},"image":{"@id":"https:\/\/blog.ccopera.com\/devises\/#\/schema\/logo\/image\/"}},{"@type":"Person","@id":"https:\/\/blog.ccopera.com\/devises\/#\/schema\/person\/78268f09e2b3505798c615a82beea618","name":"blogccopera","image":{"@type":"ImageObject","inLanguage":"fr-FR","@id":"https:\/\/blog.ccopera.com\/devises\/#\/schema\/person\/image\/","url":"https:\/\/secure.gravatar.com\/avatar\/b45850bc33d94214253c25806fbc13ab?s=96&d=mm&r=g","contentUrl":"https:\/\/secure.gravatar.com\/avatar\/b45850bc33d94214253c25806fbc13ab?s=96&d=mm&r=g","caption":"blogccopera"},"url":"https:\/\/blog.ccopera.com\/devises\/author\/blogccopera"}]}},"_links":{"self":[{"href":"https:\/\/blog.ccopera.com\/devises\/wp-json\/wp\/v2\/posts\/3718"}],"collection":[{"href":"https:\/\/blog.ccopera.com\/devises\/wp-json\/wp\/v2\/posts"}],"about":[{"href":"https:\/\/blog.ccopera.com\/devises\/wp-json\/wp\/v2\/types\/post"}],"author":[{"embeddable":true,"href":"https:\/\/blog.ccopera.com\/devises\/wp-json\/wp\/v2\/users\/8"}],"replies":[{"embeddable":true,"href":"https:\/\/blog.ccopera.com\/devises\/wp-json\/wp\/v2\/comments?post=3718"}],"version-history":[{"count":1,"href":"https:\/\/blog.ccopera.com\/devises\/wp-json\/wp\/v2\/posts\/3718\/revisions"}],"predecessor-version":[{"id":5706,"href":"https:\/\/blog.ccopera.com\/devises\/wp-json\/wp\/v2\/posts\/3718\/revisions\/5706"}],"wp:featuredmedia":[{"embeddable":true,"href":"https:\/\/blog.ccopera.com\/devises\/wp-json\/wp\/v2\/media\/6310"}],"wp:attachment":[{"href":"https:\/\/blog.ccopera.com\/devises\/wp-json\/wp\/v2\/media?parent=3718"}],"wp:term":[{"taxonomy":"category","embeddable":true,"href":"https:\/\/blog.ccopera.com\/devises\/wp-json\/wp\/v2\/categories?post=3718"},{"taxonomy":"post_tag","embeddable":true,"href":"https:\/\/blog.ccopera.com\/devises\/wp-json\/wp\/v2\/tags?post=3718"}],"curies":[{"name":"wp","href":"https:\/\/api.w.org\/{rel}","templated":true}]}}