{"id":3700,"date":"2017-11-08T10:04:00","date_gmt":"2017-11-08T10:04:00","guid":{"rendered":"https:\/\/blog.ccopera.com\/devises\/2017-11-08-revue-du-web-des-devises-02-11-2017-l-euro-essuie-encore-des-pertes-3700"},"modified":"2024-07-16T09:29:25","modified_gmt":"2024-07-16T09:29:25","slug":"2017-11-08-revue-du-web-des-devises-02-11-2017-l-euro-essuie-encore-des-pertes","status":"publish","type":"post","link":"https:\/\/blog.ccopera.com\/devises\/2017-11-08-revue-du-web-des-devises-02-11-2017-l-euro-essuie-encore-des-pertes-3700","title":{"rendered":"Revue du Web des devises 02\/11\/2017 : L\u2019euro essuie encore des pertes"},"content":{"rendered":"<p><strong style=\"font-family: Calibri; font-size: 14.6667px;\"><span style=\"background: white;\">Apr\u00e8s avoir atteint un plus haut le 8 septembre \u00e0 1,20 dollar, l\u2019euro n\u2019a de cesse de perdre du terrain ces derni\u00e8res semaines, malgr\u00e9 un risque catalan qui s\u2019amoindrit. Le dollar, lui, se renforce, port\u00e9 par la croissance US. Voici notre revue de presse du Web des devises de la semaine.&nbsp;<\/span><\/strong><\/p>\n<p><!--more--><\/p>\n<p class=\"MsoNormal\"><strong style=\"mso-bidi-font-weight:normal\"><span style=\"mso-bidi-font-family:Calibri;mso-bidi-theme-font:minor-latin\"><span style=\"background:white\">Devises: l&rsquo;euro plomb\u00e9 par une BCE moins dure que pr\u00e9vu<br \/>\n <\/span><\/span><\/strong><span style=\"mso-bidi-font-family:Calibri;mso-bidi-theme-font: minor-latin\">C\u2019est le titre d\u2019un article de <\/span><span style=\"mso-bidi-font-family:Calibri;mso-bidi-theme-font:minor-latin\"><a href=\"http:\/\/www.boursorama.com\/actualites\/devises-l-euro-plombe-par-une-bce-moins-dure-que-prevu-a0641e91d8b7ac46e03b0abf7805a953\">Boursorama<\/a>&nbsp;<\/span><span style=\"mso-bidi-font-family:Calibri;mso-bidi-theme-font:minor-latin\">du vendredi 27 octobre relayant une news CercleFinance.com. La monnaie unique, qui a subi \u00ab&nbsp;<em style=\"mso-bidi-font-style:normal\">un trou d\u2019air<\/em>&nbsp;\u00bb la veille, perdant 1,37 %,reculait encore de 0,23 % ce vendredi suite aux annonces de la BCE sur sa future politique mon\u00e9taire&nbsp;: \u00ab&nbsp;<em style=\"mso-bidi-font-style: normal\"><span style=\"color:black;background:white\">Comme attendu, la BCE n&rsquo;a pas touch\u00e9 \u00e0 ses taux directeurs et n&rsquo;entend pas le faire dans un avenir proche.<\/span><\/em><span style=\"color:black;background:white\">&nbsp;\u00bb Un signal qui est peu rassurant pour les investisseurs quant \u00e0 la solidit\u00e9 de la monnaie unique, vraisemblablement pas apte \u00e0 supporter une hausse des taux&nbsp;: \u00ab&nbsp;\u00ab&nbsp;<em style=\"mso-bidi-font-style:normal\">L&rsquo;ensemble de ces annonces, et les explications qui les accompagnent, montre une BCE peu assur\u00e9e des perspectives. La solidit\u00e9 de la croissance, gage de remont\u00e9e future de l&rsquo;inflation, reste conditionn\u00e9e au maintien d&rsquo;une politique mon\u00e9taire extr\u00eamement accommodante pendante une p\u00e9riode prolong\u00e9e&rsquo;, indiquent les sp\u00e9cialistes. Dans ces conditions, le premier rel\u00e8vement des taux directeurs n&rsquo;interviendrait pas avant le printemps 2019. Soit plus tard que ne l&rsquo;anticipait le march\u00e9.&nbsp;\u00bb<\/em>N\u00e9anmoins,<em style=\"mso-bidi-font-style:normal\">\u00ab&nbsp;Comme pr\u00e9vu, elle va diviser par deux, d\u00e8s l&rsquo;ann\u00e9e prochaine, le volume mensuel de ses rachats d&rsquo;actifs obligataires de 60 \u00e0 30 milliards d&rsquo;euros par mois, et ce jusqu&rsquo;en septembre<\/em>&nbsp;\u00bb, signant alors la fin de sa politique accommodante. <\/span><\/span><\/p>\n<p class=\"MsoNormal\"><strong style=\"mso-bidi-font-weight:normal\"><span style=\"mso-bidi-font-family:Calibri;mso-bidi-theme-font:minor-latin\">Le risque catalan p\u00e8se moins sur l\u2019euro <\/span><\/strong><\/p>\n<p class=\"MsoNormal\"><span style=\"mso-bidi-font-family:Calibri;mso-bidi-theme-font: minor-latin\">Mardi 31 octobre,<\/span><a href=\"http:\/\/votreargent.lexpress.fr\/indices\/devises-le-risque-catalan-pese-moins-sur-l-euro_1956579.html\"><em style=\"mso-bidi-font-style:normal\"><span style=\"mso-bidi-font-family:Calibri; mso-bidi-theme-font:minor-latin\">L\u2019Express<\/span><\/em><\/a><span style=\"mso-bidi-font-family:Calibri;mso-bidi-theme-font:minor-latin\"> parlait de la monnaie unique qui subissait moins le risque catalan. N\u00e9anmoins, la devise europ\u00e9enne ne progressait pas pour autant&nbsp;: \u00ab&nbsp;<em style=\"mso-bidi-font-style:normal\">P<span style=\"color:black;background:white\">as de tendance pour la monnaie unique europ\u00e9enne ce midi sur le march\u00e9 des changes. Pour l&rsquo;heure, l&rsquo;euro se tasse tr\u00e8s mod\u00e9r\u00e9ment de 0,12% \u00e0 1,1631 dollar, apr\u00e8s sa hausse de la veille (+ 0,32%).<\/span><\/em><span style=\"color:black;background:white\">&nbsp;\u00bb L\u2019article rappelle aussi que les pertes suite aux annonces de la BCE \u00ab&nbsp;<em style=\"mso-bidi-font-style:normal\">moins \u2018faucon\u2019 que pr\u00e9vu<\/em>&nbsp;\u00bb n\u2019ont depuis pas \u00e9t\u00e9 compens\u00e9es. Il semblerait que c\u2019est en partie la situation en Allemagne qui joue sur l\u2019euro&nbsp;: \u00ab&nbsp;<em style=\"mso-bidi-font-style:normal\">(\u2026) la formation d&rsquo;une coalition gouvernementale risque d&rsquo;\u00eatre plus difficile que pr\u00e9vu, et donc de prendre du temps. &lsquo;Angela Merkel va devoir faire des concessions importantes et notamment sur le plan europ\u00e9en, ce qui a toutes les chances de contrecarrer les plans en la mati\u00e8re de la pr\u00e9sidence fran\u00e7aise&rsquo;, commente un sp\u00e9cialiste.<\/em>&nbsp;\u00bb Les points positifs sont que le risque catalan s\u2019amoindrissant, \u00ab&nbsp;<em style=\"mso-bidi-font-style:normal\">les remous politiques en Catalogne ne sont pas en mesure de cr\u00e9er une crise ou une contagion<\/em>&nbsp;\u00bb, sans compter que \u00ab&nbsp;<em style=\"mso-bidi-font-style:normal\">le PIB de la zone euro a cr\u00fb de 0,6% au troisi\u00e8me trimestre, selon la premi\u00e8re estimation d&rsquo;Eurostat<\/em>&nbsp;\u00bb. Ce qui est plut\u00f4t positif pour la devise.<\/span><\/span><\/p>\n<p style=\"margin-top:0cm;margin-right:0cm;margin-bottom:21.0pt;margin-left: 0cm;background:white;vertical-align:baseline\"><span style=\"font-size:11.0pt; font-family:Calibri;mso-ascii-theme-font:minor-latin;mso-hansi-theme-font:minor-latin; mso-bidi-font-family:Calibri;mso-bidi-theme-font:minor-latin\">N\u00e9anmoins<\/span><a href=\"http:\/\/www.boursier.com\/devises\/actualites\/news\/devises-leger-acces-de-faiblesse-de-l-euro-apres-la-fed-746274.html\"><span style=\"font-size:11.0pt;font-family:Calibri;mso-ascii-theme-font:minor-latin; mso-hansi-theme-font:minor-latin;mso-bidi-font-family:Calibri;mso-bidi-theme-font: minor-latin\">Boursier.com<\/span><\/a><span style=\"font-size:11.0pt;font-family: Calibri;mso-ascii-theme-font:minor-latin;mso-hansi-theme-font:minor-latin; mso-bidi-font-family:Calibri;mso-bidi-theme-font:minor-latin\"> titrait \u00ab&nbsp;Devise&nbsp;: l\u00e9ger acc\u00e8s de faiblesse de l&rsquo;euro apr\u00e8s la Fed&nbsp;\u00bb ce m\u00eame jour&nbsp;: \u00ab&nbsp;<em style=\"mso-bidi-font-style:normal\"><span style=\"color:#333333\">La devise europ\u00e9enne a c\u00e9d\u00e9 quelques dixi\u00e8mes de point de pourcentage mercredi soir apr\u00e8s le statu quo de la Fed, qui a laiss\u00e9 la voie ouverte pour une hausse des taux en d\u00e9cembre.&nbsp;(\u2026) <span style=\"background:white\">L&rsquo;euro a recul\u00e9 de 0,25% face au billet vert pour finir la s\u00e9ance \u00e0 1,1623$, alors qu&rsquo;il \u00e9voluait \u00e0 1,1647$ peu avant la publication du communiqu\u00e9 de la FED.<\/span><\/span><\/em><span style=\"color:#333333\">\u00bb La FED a ainsi laiss\u00e9 ses taux inchang\u00e9s comme attendu par les march\u00e9s&nbsp;: <em style=\"mso-bidi-font-style:normal\">\u00ab&nbsp;<span style=\"background:white\">La croissance s&rsquo;est poursuivie \u00e0 un rythme \u00ab\u00a0solide\u00a0\u00bb malgr\u00e9 les ouragans et le march\u00e9 de l&#8217;emploi a continu\u00e9 \u00e0 s&rsquo;am\u00e9liorer, a ainsi not\u00e9 la Fed, ce qui laisse la voie ouverte \u00e0 une hausse des taux lors de la derni\u00e8re r\u00e9union de l&rsquo;ann\u00e9e, les 12 et 13 d\u00e9cembre prochains. La FED a ajout\u00e9 qu&rsquo;elle continuait cependant \u00e0 \u00ab\u00a0surveiller de pr\u00e8s\u00a0\u00bb l&rsquo;inflation, qui reste obstin\u00e9ment en dessous de son objectif de 2% en glissement annuel.<\/span><\/em><span style=\"background:white\">&nbsp;\u00bb <\/span><\/span><\/span><\/p>\n<p> <!--[if gte mso 9]><xml> <o:DocumentProperties> <o:Revision>0<\/o:Revision> <o:TotalTime>0<\/o:TotalTime> <o:Pages>1<\/o:Pages> <o:Words>1618<\/o:Words> <o:Characters>8901<\/o:Characters> <o:Company>CCO \/ Joubert<\/o:Company> <o:Lines>74<\/o:Lines> <o:Paragraphs>20<\/o:Paragraphs> <o:CharactersWithSpaces>10499<\/o:CharactersWithSpaces> <o:Version>14.0<\/o:Version> <\/o:DocumentProperties> <o:OfficeDocumentSettings> <o:AllowPNG \/> <\/o:OfficeDocumentSettings> <\/xml><![endif]--> <!--[if gte mso 9]><xml> <w:WordDocument> <w:View>Normal<\/w:View> <w:Zoom>0<\/w:Zoom> <w:TrackMoves \/> <w:TrackFormatting \/> <w:HyphenationZone>21<\/w:HyphenationZone> <w:PunctuationKerning \/> <w:ValidateAgainstSchemas \/> <w:SaveIfXMLInvalid>false<\/w:SaveIfXMLInvalid> <w:IgnoreMixedContent>false<\/w:IgnoreMixedContent> <w:AlwaysShowPlaceholderText>false<\/w:AlwaysShowPlaceholderText> <w:DoNotPromoteQF \/> <w:LidThemeOther>FR<\/w:LidThemeOther> <w:LidThemeAsian>JA<\/w:LidThemeAsian> <w:LidThemeComplexScript>X-NONE<\/w:LidThemeComplexScript> <w:Compatibility> <w:BreakWrappedTables \/> <w:SnapToGridInCell \/> <w:WrapTextWithPunct \/> <w:UseAsianBreakRules \/> <w:DontGrowAutofit \/> <w:SplitPgBreakAndParaMark \/> <w:EnableOpenTypeKerning \/> <w:DontFlipMirrorIndents \/> <w:OverrideTableStyleHps \/> <\/w:Compatibility> <m:mathPr> <m:mathFont m:val=\"Cambria Math\" \/> <m:brkBin m:val=\"before\" \/> <m:brkBinSub m:val=\"&#45;-\" \/> <m:smallFrac m:val=\"off\" \/> <m:dispDef \/> <m:lMargin m:val=\"0\" \/> <m:rMargin m:val=\"0\" \/> <m:defJc m:val=\"centerGroup\" \/> <m:wrapIndent m:val=\"1440\" \/> <m:intLim m:val=\"subSup\" \/> <m:naryLim m:val=\"undOvr\" \/> <\/m:mathPr><\/w:WordDocument> <\/xml><![endif]--><!--[if gte mso 9]><xml> <w:LatentStyles DefLockedState=\"false\" DefUnhideWhenUsed=\"true\" DefSemiHidden=\"true\" DefQFormat=\"false\" DefPriority=\"99\" LatentStyleCount=\"276\"> <w:LsdException Locked=\"false\" Priority=\"0\" SemiHidden=\"false\" UnhideWhenUsed=\"false\" QFormat=\"true\" Name=\"Normal\" \/> <w:LsdException Locked=\"false\" Priority=\"9\" SemiHidden=\"false\" UnhideWhenUsed=\"false\" QFormat=\"true\" Name=\"heading 1\" \/> <w:LsdException Locked=\"false\" Priority=\"9\" QFormat=\"true\" Name=\"heading 2\" \/> <w:LsdException Locked=\"false\" Priority=\"9\" QFormat=\"true\" Name=\"heading 3\" \/> <w:LsdException Locked=\"false\" Priority=\"9\" QFormat=\"true\" Name=\"heading 4\" \/> <w:LsdException Locked=\"false\" Priority=\"9\" QFormat=\"true\" Name=\"heading 5\" \/> <w:LsdException Locked=\"false\" Priority=\"9\" QFormat=\"true\" Name=\"heading 6\" \/> <w:LsdException Locked=\"false\" Priority=\"9\" QFormat=\"true\" Name=\"heading 7\" \/> <w:LsdException Locked=\"false\" Priority=\"9\" QFormat=\"true\" Name=\"heading 8\" \/> <w:LsdException Locked=\"false\" Priority=\"9\" QFormat=\"true\" Name=\"heading 9\" \/> <w:LsdException Locked=\"false\" Priority=\"39\" Name=\"toc 1\" \/> <w:LsdException Locked=\"false\" Priority=\"39\" Name=\"toc 2\" \/> <w:LsdException Locked=\"false\" Priority=\"39\" Name=\"toc 3\" \/> <w:LsdException Locked=\"false\" Priority=\"39\" Name=\"toc 4\" \/> <w:LsdException Locked=\"false\" Priority=\"39\" Name=\"toc 5\" \/> <w:LsdException Locked=\"false\" Priority=\"39\" Name=\"toc 6\" \/> <w:LsdException Locked=\"false\" Priority=\"39\" Name=\"toc 7\" \/> <w:LsdException Locked=\"false\" Priority=\"39\" Name=\"toc 8\" \/> <w:LsdException Locked=\"false\" Priority=\"39\" Name=\"toc 9\" \/> <w:LsdException Locked=\"false\" Priority=\"35\" QFormat=\"true\" Name=\"caption\" \/> <w:LsdException Locked=\"false\" Priority=\"10\" SemiHidden=\"false\" UnhideWhenUsed=\"false\" QFormat=\"true\" Name=\"Title\" \/> <w:LsdException Locked=\"false\" Priority=\"1\" Name=\"Default Paragraph Font\" \/> <w:LsdException Locked=\"false\" Priority=\"11\" SemiHidden=\"false\" UnhideWhenUsed=\"false\" QFormat=\"true\" Name=\"Subtitle\" \/> <w:LsdException Locked=\"false\" Priority=\"22\" SemiHidden=\"false\" UnhideWhenUsed=\"false\" QFormat=\"true\" Name=\"Strong\" \/> <w:LsdException Locked=\"false\" Priority=\"20\" SemiHidden=\"false\" UnhideWhenUsed=\"false\" QFormat=\"true\" Name=\"Emphasis\" \/> <w:LsdException Locked=\"false\" Priority=\"59\" SemiHidden=\"false\" UnhideWhenUsed=\"false\" Name=\"Table Grid\" \/> <w:LsdException Locked=\"false\" UnhideWhenUsed=\"false\" Name=\"Placeholder Text\" \/> <w:LsdException Locked=\"false\" Priority=\"1\" SemiHidden=\"false\" UnhideWhenUsed=\"false\" QFormat=\"true\" Name=\"No Spacing\" \/> <w:LsdException Locked=\"false\" Priority=\"60\" SemiHidden=\"false\" UnhideWhenUsed=\"false\" Name=\"Light Shading\" \/> <w:LsdException Locked=\"false\" Priority=\"61\" SemiHidden=\"false\" UnhideWhenUsed=\"false\" Name=\"Light List\" \/> <w:LsdException Locked=\"false\" Priority=\"62\" SemiHidden=\"false\" UnhideWhenUsed=\"false\" Name=\"Light Grid\" \/> <w:LsdException Locked=\"false\" Priority=\"63\" SemiHidden=\"false\" UnhideWhenUsed=\"false\" Name=\"Medium Shading 1\" \/> <w:LsdException Locked=\"false\" Priority=\"64\" SemiHidden=\"false\" UnhideWhenUsed=\"false\" Name=\"Medium Shading 2\" \/> <w:LsdException Locked=\"false\" Priority=\"65\" SemiHidden=\"false\" UnhideWhenUsed=\"false\" Name=\"Medium List 1\" \/> <w:LsdException Locked=\"false\" Priority=\"66\" SemiHidden=\"false\" UnhideWhenUsed=\"false\" Name=\"Medium List 2\" \/> <w:LsdException Locked=\"false\" Priority=\"67\" SemiHidden=\"false\" UnhideWhenUsed=\"false\" Name=\"Medium Grid 1\" \/> <w:LsdException Locked=\"false\" Priority=\"68\" SemiHidden=\"false\" UnhideWhenUsed=\"false\" Name=\"Medium Grid 2\" \/> <w:LsdException Locked=\"false\" Priority=\"69\" SemiHidden=\"false\" UnhideWhenUsed=\"false\" Name=\"Medium Grid 3\" \/> <w:LsdException Locked=\"false\" Priority=\"70\" SemiHidden=\"false\" UnhideWhenUsed=\"false\" Name=\"Dark List\" \/> <w:LsdException Locked=\"false\" Priority=\"71\" SemiHidden=\"false\" UnhideWhenUsed=\"false\" Name=\"Colorful Shading\" \/> <w:LsdException Locked=\"false\" Priority=\"72\" SemiHidden=\"false\" UnhideWhenUsed=\"false\" Name=\"Colorful List\" \/> <w:LsdException Locked=\"false\" Priority=\"73\" SemiHidden=\"false\" UnhideWhenUsed=\"false\" Name=\"Colorful Grid\" \/> <w:LsdException Locked=\"false\" Priority=\"60\" SemiHidden=\"false\" UnhideWhenUsed=\"false\" Name=\"Light Shading Accent 1\" \/> <w:LsdException Locked=\"false\" Priority=\"61\" SemiHidden=\"false\" UnhideWhenUsed=\"false\" Name=\"Light List Accent 1\" \/> <w:LsdException Locked=\"false\" Priority=\"62\" SemiHidden=\"false\" UnhideWhenUsed=\"false\" Name=\"Light Grid Accent 1\" \/> <w:LsdException Locked=\"false\" Priority=\"63\" SemiHidden=\"false\" UnhideWhenUsed=\"false\" Name=\"Medium Shading 1 Accent 1\" \/> <w:LsdException Locked=\"false\" Priority=\"64\" SemiHidden=\"false\" UnhideWhenUsed=\"false\" Name=\"Medium Shading 2 Accent 1\" \/> <w:LsdException Locked=\"false\" Priority=\"65\" SemiHidden=\"false\" UnhideWhenUsed=\"false\" Name=\"Medium List 1 Accent 1\" \/> <w:LsdException Locked=\"false\" UnhideWhenUsed=\"false\" Name=\"Revision\" \/> <w:LsdException Locked=\"false\" Priority=\"34\" SemiHidden=\"false\" UnhideWhenUsed=\"false\" QFormat=\"true\" Name=\"List Paragraph\" \/> <w:LsdException Locked=\"false\" Priority=\"29\" SemiHidden=\"false\" UnhideWhenUsed=\"false\" QFormat=\"true\" Name=\"Quote\" \/> <w:LsdException Locked=\"false\" Priority=\"30\" SemiHidden=\"false\" UnhideWhenUsed=\"false\" QFormat=\"true\" Name=\"Intense Quote\" \/> <w:LsdException Locked=\"false\" Priority=\"66\" SemiHidden=\"false\" UnhideWhenUsed=\"false\" Name=\"Medium List 2 Accent 1\" \/> <w:LsdException Locked=\"false\" Priority=\"67\" SemiHidden=\"false\" UnhideWhenUsed=\"false\" Name=\"Medium Grid 1 Accent 1\" \/> <w:LsdException Locked=\"false\" Priority=\"68\" SemiHidden=\"false\" UnhideWhenUsed=\"false\" Name=\"Medium Grid 2 Accent 1\" \/> <w:LsdException Locked=\"false\" Priority=\"69\" SemiHidden=\"false\" UnhideWhenUsed=\"false\" Name=\"Medium Grid 3 Accent 1\" \/> <w:LsdException Locked=\"false\" Priority=\"70\" SemiHidden=\"false\" UnhideWhenUsed=\"false\" Name=\"Dark List Accent 1\" \/> <w:LsdException Locked=\"false\" Priority=\"71\" SemiHidden=\"false\" UnhideWhenUsed=\"false\" Name=\"Colorful Shading Accent 1\" \/> <w:LsdException Locked=\"false\" Priority=\"72\" SemiHidden=\"false\" UnhideWhenUsed=\"false\" Name=\"Colorful List Accent 1\" \/> <w:LsdException Locked=\"false\" Priority=\"73\" SemiHidden=\"false\" UnhideWhenUsed=\"false\" Name=\"Colorful Grid Accent 1\" \/> <w:LsdException Locked=\"false\" Priority=\"60\" SemiHidden=\"false\" UnhideWhenUsed=\"false\" Name=\"Light Shading Accent 2\" \/> <w:LsdException Locked=\"false\" Priority=\"61\" SemiHidden=\"false\" UnhideWhenUsed=\"false\" Name=\"Light List Accent 2\" \/> <w:LsdException Locked=\"false\" Priority=\"62\" SemiHidden=\"false\" UnhideWhenUsed=\"false\" Name=\"Light Grid Accent 2\" \/> <w:LsdException Locked=\"false\" Priority=\"63\" SemiHidden=\"false\" UnhideWhenUsed=\"false\" Name=\"Medium Shading 1 Accent 2\" \/> <w:LsdException Locked=\"false\" Priority=\"64\" SemiHidden=\"false\" UnhideWhenUsed=\"false\" Name=\"Medium Shading 2 Accent 2\" \/> <w:LsdException Locked=\"false\" Priority=\"65\" SemiHidden=\"false\" UnhideWhenUsed=\"false\" Name=\"Medium List 1 Accent 2\" \/> <w:LsdException Locked=\"false\" Priority=\"66\" SemiHidden=\"false\" UnhideWhenUsed=\"false\" Name=\"Medium List 2 Accent 2\" \/> <w:LsdException Locked=\"false\" Priority=\"67\" SemiHidden=\"false\" UnhideWhenUsed=\"false\" Name=\"Medium Grid 1 Accent 2\" \/> <w:LsdException Locked=\"false\" Priority=\"68\" SemiHidden=\"false\" UnhideWhenUsed=\"false\" Name=\"Medium Grid 2 Accent 2\" \/> <w:LsdException Locked=\"false\" Priority=\"69\" SemiHidden=\"false\" UnhideWhenUsed=\"false\" Name=\"Medium Grid 3 Accent 2\" \/> <w:LsdException Locked=\"false\" Priority=\"70\" SemiHidden=\"false\" UnhideWhenUsed=\"false\" Name=\"Dark List Accent 2\" \/> <w:LsdException Locked=\"false\" Priority=\"71\" SemiHidden=\"false\" UnhideWhenUsed=\"false\" Name=\"Colorful Shading Accent 2\" \/> <w:LsdException Locked=\"false\" Priority=\"72\" SemiHidden=\"false\" UnhideWhenUsed=\"false\" Name=\"Colorful List Accent 2\" \/> <w:LsdException Locked=\"false\" Priority=\"73\" SemiHidden=\"false\" UnhideWhenUsed=\"false\" Name=\"Colorful Grid Accent 2\" \/> <w:LsdException Locked=\"false\" Priority=\"60\" SemiHidden=\"false\" UnhideWhenUsed=\"false\" Name=\"Light Shading Accent 3\" \/> <w:LsdException Locked=\"false\" Priority=\"61\" SemiHidden=\"false\" UnhideWhenUsed=\"false\" Name=\"Light List Accent 3\" \/> <w:LsdException Locked=\"false\" Priority=\"62\" SemiHidden=\"false\" UnhideWhenUsed=\"false\" Name=\"Light Grid Accent 3\" \/> <w:LsdException Locked=\"false\" Priority=\"63\" SemiHidden=\"false\" UnhideWhenUsed=\"false\" Name=\"Medium Shading 1 Accent 3\" \/> <w:LsdException Locked=\"false\" Priority=\"64\" SemiHidden=\"false\" UnhideWhenUsed=\"false\" Name=\"Medium Shading 2 Accent 3\" \/> <w:LsdException Locked=\"false\" Priority=\"65\" SemiHidden=\"false\" UnhideWhenUsed=\"false\" Name=\"Medium List 1 Accent 3\" \/> <w:LsdException Locked=\"false\" Priority=\"66\" SemiHidden=\"false\" UnhideWhenUsed=\"false\" Name=\"Medium List 2 Accent 3\" \/> <w:LsdException Locked=\"false\" Priority=\"67\" SemiHidden=\"false\" UnhideWhenUsed=\"false\" Name=\"Medium Grid 1 Accent 3\" \/> <w:LsdException Locked=\"false\" Priority=\"68\" SemiHidden=\"false\" UnhideWhenUsed=\"false\" Name=\"Medium Grid 2 Accent 3\" \/> <w:LsdException Locked=\"false\" Priority=\"69\" SemiHidden=\"false\" UnhideWhenUsed=\"false\" Name=\"Medium Grid 3 Accent 3\" \/> <w:LsdException Locked=\"false\" Priority=\"70\" SemiHidden=\"false\" UnhideWhenUsed=\"false\" Name=\"Dark List Accent 3\" \/> <w:LsdException Locked=\"false\" Priority=\"71\" SemiHidden=\"false\" UnhideWhenUsed=\"false\" Name=\"Colorful Shading Accent 3\" \/> <w:LsdException Locked=\"false\" Priority=\"72\" SemiHidden=\"false\" UnhideWhenUsed=\"false\" Name=\"Colorful List Accent 3\" \/> <w:LsdException Locked=\"false\" Priority=\"73\" SemiHidden=\"false\" UnhideWhenUsed=\"false\" Name=\"Colorful Grid Accent 3\" \/> <w:LsdException Locked=\"false\" Priority=\"60\" SemiHidden=\"false\" UnhideWhenUsed=\"false\" Name=\"Light Shading Accent 4\" \/> <w:LsdException Locked=\"false\" Priority=\"61\" SemiHidden=\"false\" UnhideWhenUsed=\"false\" Name=\"Light List Accent 4\" \/> <w:LsdException Locked=\"false\" Priority=\"62\" SemiHidden=\"false\" UnhideWhenUsed=\"false\" Name=\"Light Grid Accent 4\" \/> <w:LsdException Locked=\"false\" Priority=\"63\" SemiHidden=\"false\" UnhideWhenUsed=\"false\" Name=\"Medium Shading 1 Accent 4\" \/> <w:LsdException Locked=\"false\" Priority=\"64\" SemiHidden=\"false\" UnhideWhenUsed=\"false\" Name=\"Medium Shading 2 Accent 4\" \/> <w:LsdException Locked=\"false\" Priority=\"65\" SemiHidden=\"false\" UnhideWhenUsed=\"false\" Name=\"Medium List 1 Accent 4\" \/> <w:LsdException Locked=\"false\" Priority=\"66\" SemiHidden=\"false\" UnhideWhenUsed=\"false\" Name=\"Medium List 2 Accent 4\" \/> <w:LsdException Locked=\"false\" Priority=\"67\" SemiHidden=\"false\" UnhideWhenUsed=\"false\" Name=\"Medium Grid 1 Accent 4\" \/> <w:LsdException Locked=\"false\" Priority=\"68\" SemiHidden=\"false\" UnhideWhenUsed=\"false\" Name=\"Medium Grid 2 Accent 4\" \/> <w:LsdException Locked=\"false\" Priority=\"69\" SemiHidden=\"false\" UnhideWhenUsed=\"false\" Name=\"Medium Grid 3 Accent 4\" \/> <w:LsdException Locked=\"false\" Priority=\"70\" SemiHidden=\"false\" UnhideWhenUsed=\"false\" Name=\"Dark List Accent 4\" \/> <w:LsdException Locked=\"false\" Priority=\"71\" SemiHidden=\"false\" UnhideWhenUsed=\"false\" Name=\"Colorful Shading Accent 4\" \/> <w:LsdException Locked=\"false\" Priority=\"72\" SemiHidden=\"false\" UnhideWhenUsed=\"false\" Name=\"Colorful List Accent 4\" \/> <w:LsdException Locked=\"false\" Priority=\"73\" SemiHidden=\"false\" UnhideWhenUsed=\"false\" Name=\"Colorful Grid Accent 4\" \/> <w:LsdException Locked=\"false\" Priority=\"60\" SemiHidden=\"false\" UnhideWhenUsed=\"false\" Name=\"Light Shading Accent 5\" \/> <w:LsdException Locked=\"false\" Priority=\"61\" SemiHidden=\"false\" UnhideWhenUsed=\"false\" Name=\"Light List Accent 5\" \/> <w:LsdException Locked=\"false\" Priority=\"62\" SemiHidden=\"false\" UnhideWhenUsed=\"false\" Name=\"Light Grid Accent 5\" \/> <w:LsdException Locked=\"false\" Priority=\"63\" SemiHidden=\"false\" UnhideWhenUsed=\"false\" Name=\"Medium Shading 1 Accent 5\" \/> <w:LsdException Locked=\"false\" Priority=\"64\" SemiHidden=\"false\" UnhideWhenUsed=\"false\" Name=\"Medium Shading 2 Accent 5\" \/> <w:LsdException Locked=\"false\" Priority=\"65\" SemiHidden=\"false\" UnhideWhenUsed=\"false\" Name=\"Medium List 1 Accent 5\" \/> <w:LsdException Locked=\"false\" Priority=\"66\" SemiHidden=\"false\" UnhideWhenUsed=\"false\" Name=\"Medium List 2 Accent 5\" \/> <w:LsdException Locked=\"false\" Priority=\"67\" SemiHidden=\"false\" UnhideWhenUsed=\"false\" Name=\"Medium Grid 1 Accent 5\" \/> <w:LsdException Locked=\"false\" Priority=\"68\" SemiHidden=\"false\" UnhideWhenUsed=\"false\" Name=\"Medium Grid 2 Accent 5\" \/> <w:LsdException Locked=\"false\" Priority=\"69\" SemiHidden=\"false\" UnhideWhenUsed=\"false\" Name=\"Medium Grid 3 Accent 5\" \/> <w:LsdException Locked=\"false\" Priority=\"70\" SemiHidden=\"false\" UnhideWhenUsed=\"false\" Name=\"Dark List Accent 5\" \/> <w:LsdException Locked=\"false\" Priority=\"71\" SemiHidden=\"false\" UnhideWhenUsed=\"false\" Name=\"Colorful Shading Accent 5\" \/> <w:LsdException Locked=\"false\" Priority=\"72\" SemiHidden=\"false\" UnhideWhenUsed=\"false\" Name=\"Colorful List Accent 5\" \/> <w:LsdException Locked=\"false\" Priority=\"73\" SemiHidden=\"false\" UnhideWhenUsed=\"false\" Name=\"Colorful Grid Accent 5\" \/> <w:LsdException Locked=\"false\" Priority=\"60\" SemiHidden=\"false\" UnhideWhenUsed=\"false\" Name=\"Light Shading Accent 6\" \/> <w:LsdException Locked=\"false\" Priority=\"61\" SemiHidden=\"false\" UnhideWhenUsed=\"false\" Name=\"Light List Accent 6\" \/> <w:LsdException Locked=\"false\" Priority=\"62\" SemiHidden=\"false\" UnhideWhenUsed=\"false\" Name=\"Light Grid Accent 6\" \/> <w:LsdException Locked=\"false\" Priority=\"63\" SemiHidden=\"false\" UnhideWhenUsed=\"false\" Name=\"Medium Shading 1 Accent 6\" \/> <w:LsdException Locked=\"false\" Priority=\"64\" SemiHidden=\"false\" UnhideWhenUsed=\"false\" Name=\"Medium Shading 2 Accent 6\" \/> <w:LsdException Locked=\"false\" Priority=\"65\" SemiHidden=\"false\" UnhideWhenUsed=\"false\" Name=\"Medium List 1 Accent 6\" \/> <w:LsdException Locked=\"false\" Priority=\"66\" SemiHidden=\"false\" UnhideWhenUsed=\"false\" Name=\"Medium List 2 Accent 6\" \/> <w:LsdException Locked=\"false\" Priority=\"67\" SemiHidden=\"false\" UnhideWhenUsed=\"false\" Name=\"Medium Grid 1 Accent 6\" \/> <w:LsdException Locked=\"false\" Priority=\"68\" SemiHidden=\"false\" UnhideWhenUsed=\"false\" Name=\"Medium Grid 2 Accent 6\" \/> <w:LsdException Locked=\"false\" Priority=\"69\" SemiHidden=\"false\" UnhideWhenUsed=\"false\" Name=\"Medium Grid 3 Accent 6\" \/> <w:LsdException Locked=\"false\" Priority=\"70\" SemiHidden=\"false\" UnhideWhenUsed=\"false\" Name=\"Dark List Accent 6\" \/> <w:LsdException Locked=\"false\" Priority=\"71\" SemiHidden=\"false\" UnhideWhenUsed=\"false\" Name=\"Colorful Shading Accent 6\" \/> <w:LsdException Locked=\"false\" Priority=\"72\" SemiHidden=\"false\" UnhideWhenUsed=\"false\" Name=\"Colorful List Accent 6\" \/> <w:LsdException Locked=\"false\" Priority=\"73\" SemiHidden=\"false\" UnhideWhenUsed=\"false\" Name=\"Colorful Grid Accent 6\" \/> <w:LsdException Locked=\"false\" Priority=\"19\" SemiHidden=\"false\" UnhideWhenUsed=\"false\" QFormat=\"true\" Name=\"Subtle Emphasis\" \/> <w:LsdException Locked=\"false\" Priority=\"21\" SemiHidden=\"false\" UnhideWhenUsed=\"false\" QFormat=\"true\" Name=\"Intense Emphasis\" \/> <w:LsdException Locked=\"false\" Priority=\"31\" SemiHidden=\"false\" UnhideWhenUsed=\"false\" QFormat=\"true\" Name=\"Subtle Reference\" \/> <w:LsdException Locked=\"false\" Priority=\"32\" SemiHidden=\"false\" UnhideWhenUsed=\"false\" QFormat=\"true\" Name=\"Intense Reference\" \/> <w:LsdException Locked=\"false\" Priority=\"33\" SemiHidden=\"false\" UnhideWhenUsed=\"false\" QFormat=\"true\" Name=\"Book Title\" \/> <w:LsdException Locked=\"false\" Priority=\"37\" Name=\"Bibliography\" \/> <w:LsdException Locked=\"false\" Priority=\"39\" QFormat=\"true\" Name=\"TOC Heading\" \/> <\/w:LatentStyles> <\/xml><![endif]--> <!--[if gte mso 10]> <![endif]--> <!--StartFragment--> <!--EndFragment--><\/p>\n<p style=\"margin-top:0cm;margin-right:0cm;margin-bottom:13.2pt;margin-left: 0cm;line-height:15.0pt;background:white\"><a href=\"http:\/\/www.boursorama.com\/actualites\/l-euro-baisse-face-au-dollar-apres-le-statu-quo-de-la-fed-e4e8b4873a819caf26fea852396997f8\"><span style=\"font-size:11.0pt;font-family:Calibri;mso-ascii-theme-font:minor-latin; mso-hansi-theme-font:minor-latin;mso-bidi-font-family:Calibri;mso-bidi-theme-font: minor-latin\">Boursorama<\/span><\/a><span style=\"font-size:11.0pt;font-family: Calibri;mso-ascii-theme-font:minor-latin;mso-hansi-theme-font:minor-latin; mso-bidi-font-family:Calibri;mso-bidi-theme-font:minor-latin\"> revenait \u00e9galement ce mercredi sur la baisse de la devise suite \u00e0 la FED&nbsp;: <em style=\"mso-bidi-font-style:normal\">\u00ab&nbsp;<span style=\"color:black\">L&rsquo;euro reculait un peu face au dollar mercredi, apr\u00e8s la publication du communiqu\u00e9 de la banque centrale am\u00e9ricaine (Fed) qui a sans surprise laiss\u00e9 ses taux inchang\u00e9s et \u00e9voqu\u00e9 un rythme \u00ab\u00a0solide\u00a0\u00bb de croissance malgr\u00e9 les ouragans. Vers 21H00 GMT (22H00 \u00e0 Paris), l&rsquo;euro valait 1,1620 dollar, contre 1,1647 dollar mardi vers 21H00 GMT.&nbsp;<\/span><\/em><span style=\"color:black\">\u00bb Le calme \u00e9tait d\u2019ailleurs de mise sur le march\u00e9 des devises, mais sans doute pas pour longtemps :&nbsp;\u00ab<em style=\"mso-bidi-font-style:normal\"><span style=\"background:white\">Le march\u00e9 des devises est calme ce mercredi, les op\u00e9rateurs pr\u00e9f\u00e8rent rester sur la touche avant une salve d&rsquo;\u00e9v\u00e9nements \u00e0 risque (&#8230;) dont la d\u00e9cision concernant les taux directeurs de la Banque d&rsquo;Angleterre (BoE), la nomination du prochain pr\u00e9sident de la Fed par Donald Trump, des annonces sur la r\u00e9forme des imp\u00f4ts aux \u00c9tats-Unis et l&#8217;emploi am\u00e9ricain vendredi\u00a0\u00bb, a observ\u00e9 Hussein Sayed, analyste chez FXTM.<\/span><\/em><span style=\"background:white\">&nbsp;\u00bb<br \/>\n <\/span><\/span><br \/>\n <strong style=\"mso-bidi-font-weight:normal\">Le dollar port\u00e9 par la croissance US<\/strong><br \/>\n C\u2019est ainsi que <\/span><a href=\"http:\/\/www.zonebourse.com\/EURO-US-DOLLAR-EUR-USD-4591\/actualite\/L-euro-s-enfonce-face-a-un-dollar-porte-par-la-croissance-americaine-25381673\/\"><span style=\"font-size:11.0pt;font-family:Calibri;mso-ascii-theme-font:minor-latin; mso-hansi-theme-font:minor-latin;mso-bidi-font-family:Calibri;mso-bidi-theme-font: minor-latin\">ZoneBourse.com<\/span><\/a><span style=\"font-size:11.0pt;font-family: Calibri;mso-ascii-theme-font:minor-latin;mso-hansi-theme-font:minor-latin; mso-bidi-font-family:Calibri;mso-bidi-theme-font:minor-latin\"> titrait un de ses articles vendredi 27 octobre. On apprenait que <em style=\"mso-bidi-font-style: normal\">\u00ab&nbsp;<span style=\"color:#262626;background:white\">Malgr\u00e9 les ouragans, la croissance \u00e9conomique des \u00c9tats-Unis au troisi\u00e8me trimestre s&rsquo;est \u00e9tablie \u00e0 3%, selon une premi\u00e8re estimation publi\u00e9e vendredi<\/span><\/em><span style=\"color:#262626;background:white\">&nbsp;\u00bb. Les investisseurs sont plus optimistes quant \u00e0 l\u2019\u00e9conomie am\u00e9ricaine&nbsp;: \u00ab&nbsp;<em style=\"mso-bidi-font-style: normal\">Dans cet environnement, \u00ab\u00a0le billet vert continue d&rsquo;\u00eatre soutenu par la perspective d&rsquo;un rel\u00e8vement par la FED de ses taux d&rsquo;int\u00e9r\u00eats en d\u00e9cembre pour la troisi\u00e8me fois de l&rsquo;ann\u00e9e et d&rsquo;\u00e9ventuellement trois nouvelles hausses l&rsquo;an prochain, ainsi que par les rumeurs sur le remplacement de l&rsquo;actuelle pr\u00e9sidente de l&rsquo;institution Janet Yellen \u00e0 la fin de son mandat en f\u00e9vrier par un candidat moins prudent\u00a0\u00bb.&nbsp;<\/em>\u00bb<br \/>\n <\/span><br \/>\n Dans l\u2019article \u00ab&nbsp;Petite hausse du dollar apr\u00e8s le communiqu\u00e9 de la FED&nbsp;\u00bb, <\/span><a href=\"https:\/\/investir.lesechos.fr\/marches\/actualites\/march-s-petite-hausse-du-dollar-apres-le-communique-de-la-fed-1717741.php\"><em style=\"mso-bidi-font-style:normal\"><span style=\"font-size:11.0pt;font-family: Calibri;mso-ascii-theme-font:minor-latin;mso-hansi-theme-font:minor-latin; mso-bidi-font-family:Calibri;mso-bidi-theme-font:minor-latin\">Les \u00c9chos<\/span><\/em><\/a><span style=\"font-size:11.0pt;font-family:Calibri;mso-ascii-theme-font:minor-latin; mso-hansi-theme-font:minor-latin;mso-bidi-font-family:Calibri;mso-bidi-theme-font: minor-latin\">relayait une news Reuters \u00e9voquant la hausse du dollar apr\u00e8s la FED&nbsp;: \u00ab&nbsp;<em style=\"mso-bidi-font-style:normal\"><span style=\"color: black;background:white\">Quelques minutes apr\u00e8s la publication du communiqu\u00e9, le dollar s&rsquo;appr\u00e9ciait de 0,20% face \u00e0 un panier de r\u00e9f\u00e9rence compos\u00e9 de six devises internationales, contre +0,15% juste avant.<\/span><\/em><span style=\"color:black\">&nbsp;\u00bb <\/span>Bien qu\u2019elle n\u2019ait pas relev\u00e9 ses taux, la Banque centrale am\u00e9ricaine a \u00e9t\u00e9 rassurante&nbsp;: \u00ab&nbsp;<em style=\"mso-bidi-font-style: normal\"><span style=\"color:black;background:white\">La&nbsp;<\/span>FED<span style=\"color:black;background:white\">&nbsp;a pr\u00e9cis\u00e9 que le statu quo avait \u00e9t\u00e9 d\u00e9cid\u00e9 \u00e0 l&rsquo;unanimit\u00e9 et elle a soulign\u00e9 le dynamisme de la croissance \u00e9conomique et du march\u00e9 du travail aux&nbsp;\u00c9<\/span>tats-Unis<span style=\"color:black;background:white\">&nbsp;tout en minimisant l&rsquo;impact des ouragans, laissant ainsi penser qu&rsquo;elle rel\u00e8vera bien ses taux en d\u00e9cembre.<\/span><\/em><span style=\"color:black\">&nbsp;\u00bb<\/span><\/p>\n<p>\n <strong style=\"mso-bidi-font-weight:normal\">Le franc offre un b\u00e9n\u00e9fice record \u00e0 la BNS<\/strong><br \/>\n Mercredi 31 octobre, <\/span><a href=\"https:\/\/www.letemps.ch\/economie\/2017\/10\/31\/franc-offre-un-benefice-record-bns\"><span style=\"font-size:11.0pt;font-family:Calibri;mso-ascii-theme-font:minor-latin; mso-hansi-theme-font:minor-latin;mso-bidi-font-family:Calibri;mso-bidi-theme-font: minor-latin\">Le Temps<\/span><\/a><span style=\"font-size:11.0pt;font-family:Calibri; mso-ascii-theme-font:minor-latin;mso-hansi-theme-font:minor-latin;mso-bidi-font-family: Calibri;mso-bidi-theme-font:minor-latin\"> parlait du franc suisse&nbsp;: \u00ab&nbsp;<em style=\"mso-bidi-font-style:normal\"><span style=\"color:#323232; background:white\">L\u2019affaiblissement de la monnaie helv\u00e9tique face \u00e0 la plupart des devises a permis \u00e0 la Banque nationale suisse d\u2019enregistrer 33,7&nbsp;milliards de francs de profit. Qui, au moins pour l\u2019instant, ne changeront rien au versement aux collectivit\u00e9s publiques<\/span>. (\u2026) <span style=\"color:black;background:white\">L\u2019affaiblissement du franc ces derniers mois explique l\u2019essentiel de ce profit total de 33,7&nbsp;milliards, soit&nbsp;5 milliards de plus que l\u2019an dernier \u00e0 la m\u00eame p\u00e9riode.&nbsp;L\u2019euro s\u2019est en effet appr\u00e9ci\u00e9 de&nbsp;6,8% face au franc depuis le d\u00e9but de l\u2019ann\u00e9e, atteignant des niveaux qui n\u2019avaient plus \u00e9t\u00e9 vus depuis la fin du taux plancher en janvier 2015. Et la monnaie helv\u00e9tique n\u2019a pas seulement recul\u00e9 face \u00e0 la devise europ\u00e9enne, mais aussi face au dollar et \u00e0 la livre sterling, entre autres. De quoi laisser penser que la BNS n\u2019est pas ou peu intervenue sur les march\u00e9s ces derniers mois.<\/span><\/em>&nbsp;\u00bb Valeur refuge, la devise suisse avait subi une hausse ces derniers mois, suite aux diff\u00e9rentes tensions g\u00e9opolitiques et \u00e9conomiques en Europe et \u00e0 travers le monde, hausse qui a finalement \u00e9t\u00e9 jugul\u00e9e par l\u2019intervention de la BNS.<\/p>\n<p> <\/span><a href=\"https:\/\/www.dailyfx.com\/francais\/actualite_forex_trading\/fondamentaux\/alertes_de_marches\/2017\/10\/27\/EURCHF-le-franc-suisse-accelere-sa-chute-face-a-un-euro-affaibli-par-la-BCE.html\"><span style=\"font-size:11.0pt;font-family:Calibri;mso-ascii-theme-font:minor-latin; mso-hansi-theme-font:minor-latin;mso-bidi-font-family:Calibri;mso-bidi-theme-font: minor-latin\">DailyFx.com<\/span><\/a><span style=\"font-size:11.0pt;font-family: Calibri;mso-ascii-theme-font:minor-latin;mso-hansi-theme-font:minor-latin; mso-bidi-font-family:Calibri;mso-bidi-theme-font:minor-latin\"> \u00e9voquait \u00e9galement la baisse de la monnaie helv\u00e9tique dans l\u2019article \u00ab&nbsp;Le franc suisse acc\u00e9l\u00e8re sa chute&nbsp;\u00bb en date du 27 octobre&nbsp;: \u00ab&nbsp;<em style=\"mso-bidi-font-style:normal\">La politique mon\u00e9taire adopt\u00e9e depuis de nombreux mois par la Banque Nationale Suisse (BNS) semble porter ces fruits sur le march\u00e9 EUR\/CHF. Le franc suisseacc\u00e9l\u00e8re en effet son d\u00e9clin, alors que sa banque centrale est l\u2019une des seules du G10 \u00e0 avoir \u00e9tabli ses trois taux directeurs en territoire n\u00e9gatif.<\/em>&nbsp;\u00bb<\/p>\n<p> <strong style=\"mso-bidi-font-weight:normal\">La banque centrale de Norv\u00e8ge r\u00e9affirme qu&rsquo;une politique accommodante \u00ab\u00a0reste n\u00e9cessaire\u00a0\u00bb <br \/>\n <\/strong>Cette news AOF publi\u00e9e par <\/span><a href=\"http:\/\/bourse.lefigaro.fr\/devises-matieres-premieres\/actu-conseils\/la-banque-centrale-de-norvege-reaffirme-qu-une-politique-accommodante-reste-necessaire-6294101\"><em style=\"mso-bidi-font-style:normal\"><span style=\"font-size:11.0pt;font-family: Calibri;mso-ascii-theme-font:minor-latin;mso-hansi-theme-font:minor-latin; mso-bidi-font-family:Calibri;mso-bidi-theme-font:minor-latin\">Le Figaro<\/span><\/em><\/a><span style=\"font-size:11.0pt;font-family:Calibri;mso-ascii-theme-font:minor-latin; mso-hansi-theme-font:minor-latin;mso-bidi-font-family:Calibri;mso-bidi-theme-font: minor-latin\"> \u00e9voque l\u2019issue de la r\u00e9union politique mon\u00e9taire de la Banque nationale norv\u00e9gienne&nbsp;: \u00ab&nbsp;\u00ab\u00a0<em style=\"mso-bidi-font-style:normal\">Dans un communiqu\u00e9 de seulement quelques lignes, le gouverneur de la Norges Bank indique que les conditions n&rsquo;ont pas \u00e9volu\u00e9 depuis son rapport publi\u00e9 le 21 septembre dernier et qu&rsquo;une politique accommodante \u00ab\u00a0reste n\u00e9cessaire\u00a0\u00bb.<\/em>&nbsp;\u00bb N\u00e9anmoins, il laisse \u00e9galement entendre qu\u2019un resserrement de la politique aura vraisemblablement lieu plus rapidement que pr\u00e9vu.<\/p>\n<p> <strong style=\"mso-bidi-font-weight:normal\">Baisse-surprise de l\u2019\u00e9conomie canadienne<\/strong><br \/>\n C\u2019est le site <\/span><a href=\"http:\/\/www.lesaffaires.com\/bourse\/nouvelles-economiques\/baisse-surprise-de-l-economie-canadienne\/598332\"><span style=\"font-size:11.0pt;font-family:Calibri;mso-ascii-theme-font:minor-latin; mso-hansi-theme-font:minor-latin;mso-bidi-font-family:Calibri;mso-bidi-theme-font: minor-latin\">LesAffaires.com<\/span><\/a><span style=\"font-size:11.0pt; font-family:Calibri;mso-ascii-theme-font:minor-latin;mso-hansi-theme-font:minor-latin; mso-bidi-font-family:Calibri;mso-bidi-theme-font:minor-latin\"> qui, le mardi 31 octobre, rapporte que <strong style=\"mso-bidi-font-weight:normal\">\u00ab&nbsp;<strong><em style=\"mso-bidi-font-style:normal\"><span style=\"font-family:Calibri;mso-ascii-theme-font: minor-latin;mso-hansi-theme-font:minor-latin;mso-bidi-font-family:Calibri; mso-bidi-theme-font:minor-latin;color:#333333;background:white\">L\u2019\u00e9conomie canadienne a connu un revers inattendu au mois d\u2019ao\u00fbt. Le produit int\u00e9rieur brut (PIB) a recul\u00e9 de 0,1%, apr\u00e8s une stagnation en juillet. C\u2019est le premier recul depuis octobre 2016<\/span><\/em><span style=\"font-family: Calibri;mso-ascii-theme-font:minor-latin;mso-hansi-theme-font:minor-latin; mso-bidi-font-family:Calibri;mso-bidi-theme-font:minor-latin;color:#333333; background:white\">&nbsp;\u00bb. En effet, on apprend que les analystes \u00ab&nbsp;<em style=\"mso-bidi-font-style:normal\">anticipaient plut\u00f4t un gain de 0,1 %&nbsp;\u00bb. <\/em>N\u00e9anmoins, m\u00eame si juillet et ao\u00fbt ont \u00e9t\u00e9 d\u00e9cevants,<em style=\"mso-bidi-font-style: normal\">\u2018\u2019<\/em><\/span><\/strong><\/strong><em style=\"mso-bidi-font-style:normal\"><span style=\"color:#333333;background:white\">l\u2019\u00e9conomie a progress\u00e9 \u00e0 un rythme de 3,5% au cours des douze et six derniers mois<\/span><\/em><span style=\"color:#333333; background:white\">&nbsp;\u00bb.<\/span><\/span><\/p>\n","protected":false},"excerpt":{"rendered":"<p><strong style=\"font-family: Calibri; font-size: 14.6667px;\"><span style=\"background: white;\">Apr\u00e8s avoir atteint un plus haut le 8 septembre \u00e0 1,20 dollar, l\u2019euro n\u2019a de cesse de perdre du terrain ces derni\u00e8res semaines, malgr\u00e9 un risque catalan qui s\u2019amoindrit. Le dollar, lui, se renforce, port\u00e9 par la croissance US. Voici notre revue de presse du Web des devises de la semaine.&nbsp;<\/span><\/strong><\/p>\n","protected":false},"author":8,"featured_media":6318,"comment_status":"closed","ping_status":"closed","sticky":false,"template":"","format":"standard","meta":{"footnotes":""},"categories":[18,17],"tags":[],"yoast_head":"<!-- This site is optimized with the Yoast SEO plugin v23.5 - https:\/\/yoast.com\/wordpress\/plugins\/seo\/ -->\n<title>Revue du Web des devises 02\/11\/2017 : L\u2019euro essuie encore des pertes - Blog devises<\/title>\n<meta name=\"robots\" content=\"index, follow, max-snippet:-1, max-image-preview:large, max-video-preview:-1\" \/>\n<link rel=\"canonical\" href=\"https:\/\/blog.ccopera.com\/devises\/2017-11-08-revue-du-web-des-devises-02-11-2017-l-euro-essuie-encore-des-pertes-3700\" \/>\n<meta property=\"og:locale\" content=\"fr_FR\" \/>\n<meta property=\"og:type\" content=\"article\" \/>\n<meta property=\"og:title\" content=\"Revue du Web des devises 02\/11\/2017 : L\u2019euro essuie encore des pertes - Blog devises\" \/>\n<meta property=\"og:description\" content=\"Apr\u00e8s avoir atteint un plus haut le 8 septembre \u00e0 1,20 dollar, l\u2019euro n\u2019a de cesse de perdre du terrain ces derni\u00e8res semaines, malgr\u00e9 un risque catalan qui s\u2019amoindrit. Le dollar, lui, se renforce, port\u00e9 par la croissance US. Voici notre revue de presse du Web des devises de la semaine.&nbsp;\" \/>\n<meta property=\"og:url\" content=\"https:\/\/blog.ccopera.com\/devises\/2017-11-08-revue-du-web-des-devises-02-11-2017-l-euro-essuie-encore-des-pertes-3700\" \/>\n<meta property=\"og:site_name\" content=\"Blog devises\" \/>\n<meta property=\"article:published_time\" content=\"2017-11-08T10:04:00+00:00\" \/>\n<meta property=\"article:modified_time\" content=\"2024-07-16T09:29:25+00:00\" \/>\n<meta property=\"og:image\" content=\"https:\/\/blog.ccopera.com\/devises\/wp-content\/uploads\/sites\/4\/2017\/12\/visuel-pour-Wordpress-cco-16.png\" \/>\n\t<meta property=\"og:image:width\" content=\"1250\" \/>\n\t<meta property=\"og:image:height\" content=\"375\" \/>\n\t<meta property=\"og:image:type\" content=\"image\/png\" \/>\n<meta name=\"author\" content=\"blogccopera\" \/>\n<meta name=\"twitter:card\" content=\"summary_large_image\" \/>\n<meta name=\"twitter:label1\" content=\"\u00c9crit par\" \/>\n\t<meta name=\"twitter:data1\" content=\"blogccopera\" \/>\n\t<meta name=\"twitter:label2\" content=\"Dur\u00e9e de lecture estim\u00e9e\" \/>\n\t<meta name=\"twitter:data2\" content=\"8 minutes\" \/>\n<script type=\"application\/ld+json\" class=\"yoast-schema-graph\">{\"@context\":\"https:\/\/schema.org\",\"@graph\":[{\"@type\":\"Article\",\"@id\":\"https:\/\/blog.ccopera.com\/devises\/2017-11-08-revue-du-web-des-devises-02-11-2017-l-euro-essuie-encore-des-pertes-3700#article\",\"isPartOf\":{\"@id\":\"https:\/\/blog.ccopera.com\/devises\/2017-11-08-revue-du-web-des-devises-02-11-2017-l-euro-essuie-encore-des-pertes-3700\"},\"author\":{\"name\":\"blogccopera\",\"@id\":\"https:\/\/blog.ccopera.com\/devises\/#\/schema\/person\/78268f09e2b3505798c615a82beea618\"},\"headline\":\"Revue du Web des devises 02\/11\/2017 : L\u2019euro essuie encore des pertes\",\"datePublished\":\"2017-11-08T10:04:00+00:00\",\"dateModified\":\"2024-07-16T09:29:25+00:00\",\"mainEntityOfPage\":{\"@id\":\"https:\/\/blog.ccopera.com\/devises\/2017-11-08-revue-du-web-des-devises-02-11-2017-l-euro-essuie-encore-des-pertes-3700\"},\"wordCount\":1690,\"publisher\":{\"@id\":\"https:\/\/blog.ccopera.com\/devises\/#organization\"},\"image\":{\"@id\":\"https:\/\/blog.ccopera.com\/devises\/2017-11-08-revue-du-web-des-devises-02-11-2017-l-euro-essuie-encore-des-pertes-3700#primaryimage\"},\"thumbnailUrl\":\"https:\/\/blog.ccopera.com\/devises\/wp-content\/uploads\/sites\/4\/2017\/12\/visuel-pour-Wordpress-cco-16.png\",\"articleSection\":[\"devises\",\"Revue de presse\"],\"inLanguage\":\"fr-FR\"},{\"@type\":\"WebPage\",\"@id\":\"https:\/\/blog.ccopera.com\/devises\/2017-11-08-revue-du-web-des-devises-02-11-2017-l-euro-essuie-encore-des-pertes-3700\",\"url\":\"https:\/\/blog.ccopera.com\/devises\/2017-11-08-revue-du-web-des-devises-02-11-2017-l-euro-essuie-encore-des-pertes-3700\",\"name\":\"Revue du Web des devises 02\/11\/2017 : L\u2019euro essuie encore des pertes - Blog devises\",\"isPartOf\":{\"@id\":\"https:\/\/blog.ccopera.com\/devises\/#website\"},\"primaryImageOfPage\":{\"@id\":\"https:\/\/blog.ccopera.com\/devises\/2017-11-08-revue-du-web-des-devises-02-11-2017-l-euro-essuie-encore-des-pertes-3700#primaryimage\"},\"image\":{\"@id\":\"https:\/\/blog.ccopera.com\/devises\/2017-11-08-revue-du-web-des-devises-02-11-2017-l-euro-essuie-encore-des-pertes-3700#primaryimage\"},\"thumbnailUrl\":\"https:\/\/blog.ccopera.com\/devises\/wp-content\/uploads\/sites\/4\/2017\/12\/visuel-pour-Wordpress-cco-16.png\",\"datePublished\":\"2017-11-08T10:04:00+00:00\",\"dateModified\":\"2024-07-16T09:29:25+00:00\",\"breadcrumb\":{\"@id\":\"https:\/\/blog.ccopera.com\/devises\/2017-11-08-revue-du-web-des-devises-02-11-2017-l-euro-essuie-encore-des-pertes-3700#breadcrumb\"},\"inLanguage\":\"fr-FR\",\"potentialAction\":[{\"@type\":\"ReadAction\",\"target\":[\"https:\/\/blog.ccopera.com\/devises\/2017-11-08-revue-du-web-des-devises-02-11-2017-l-euro-essuie-encore-des-pertes-3700\"]}]},{\"@type\":\"ImageObject\",\"inLanguage\":\"fr-FR\",\"@id\":\"https:\/\/blog.ccopera.com\/devises\/2017-11-08-revue-du-web-des-devises-02-11-2017-l-euro-essuie-encore-des-pertes-3700#primaryimage\",\"url\":\"https:\/\/blog.ccopera.com\/devises\/wp-content\/uploads\/sites\/4\/2017\/12\/visuel-pour-Wordpress-cco-16.png\",\"contentUrl\":\"https:\/\/blog.ccopera.com\/devises\/wp-content\/uploads\/sites\/4\/2017\/12\/visuel-pour-Wordpress-cco-16.png\",\"width\":1250,\"height\":375},{\"@type\":\"BreadcrumbList\",\"@id\":\"https:\/\/blog.ccopera.com\/devises\/2017-11-08-revue-du-web-des-devises-02-11-2017-l-euro-essuie-encore-des-pertes-3700#breadcrumb\",\"itemListElement\":[{\"@type\":\"ListItem\",\"position\":1,\"name\":\"Accueil\",\"item\":\"https:\/\/blog.ccopera.com\/devises\"},{\"@type\":\"ListItem\",\"position\":2,\"name\":\"Revue du Web des devises 02\/11\/2017 : L\u2019euro essuie encore des pertes\"}]},{\"@type\":\"WebSite\",\"@id\":\"https:\/\/blog.ccopera.com\/devises\/#website\",\"url\":\"https:\/\/blog.ccopera.com\/devises\/\",\"name\":\"Blog devises\",\"description\":\"\",\"publisher\":{\"@id\":\"https:\/\/blog.ccopera.com\/devises\/#organization\"},\"potentialAction\":[{\"@type\":\"SearchAction\",\"target\":{\"@type\":\"EntryPoint\",\"urlTemplate\":\"https:\/\/blog.ccopera.com\/devises\/?s={search_term_string}\"},\"query-input\":{\"@type\":\"PropertyValueSpecification\",\"valueRequired\":true,\"valueName\":\"search_term_string\"}}],\"inLanguage\":\"fr-FR\"},{\"@type\":\"Organization\",\"@id\":\"https:\/\/blog.ccopera.com\/devises\/#organization\",\"name\":\"Blog devises\",\"url\":\"https:\/\/blog.ccopera.com\/devises\/\",\"logo\":{\"@type\":\"ImageObject\",\"inLanguage\":\"fr-FR\",\"@id\":\"https:\/\/blog.ccopera.com\/devises\/#\/schema\/logo\/image\/\",\"url\":\"https:\/\/blog.ccopera.com\/devises\/wp-content\/uploads\/sites\/4\/2023\/09\/logo_512.png\",\"contentUrl\":\"https:\/\/blog.ccopera.com\/devises\/wp-content\/uploads\/sites\/4\/2023\/09\/logo_512.png\",\"width\":512,\"height\":322,\"caption\":\"Blog devises\"},\"image\":{\"@id\":\"https:\/\/blog.ccopera.com\/devises\/#\/schema\/logo\/image\/\"}},{\"@type\":\"Person\",\"@id\":\"https:\/\/blog.ccopera.com\/devises\/#\/schema\/person\/78268f09e2b3505798c615a82beea618\",\"name\":\"blogccopera\",\"image\":{\"@type\":\"ImageObject\",\"inLanguage\":\"fr-FR\",\"@id\":\"https:\/\/blog.ccopera.com\/devises\/#\/schema\/person\/image\/\",\"url\":\"https:\/\/secure.gravatar.com\/avatar\/b45850bc33d94214253c25806fbc13ab?s=96&d=mm&r=g\",\"contentUrl\":\"https:\/\/secure.gravatar.com\/avatar\/b45850bc33d94214253c25806fbc13ab?s=96&d=mm&r=g\",\"caption\":\"blogccopera\"},\"url\":\"https:\/\/blog.ccopera.com\/devises\/author\/blogccopera\"}]}<\/script>\n<!-- \/ Yoast SEO plugin. -->","yoast_head_json":{"title":"Revue du Web des devises 02\/11\/2017 : L\u2019euro essuie encore des pertes - Blog devises","robots":{"index":"index","follow":"follow","max-snippet":"max-snippet:-1","max-image-preview":"max-image-preview:large","max-video-preview":"max-video-preview:-1"},"canonical":"https:\/\/blog.ccopera.com\/devises\/2017-11-08-revue-du-web-des-devises-02-11-2017-l-euro-essuie-encore-des-pertes-3700","og_locale":"fr_FR","og_type":"article","og_title":"Revue du Web des devises 02\/11\/2017 : L\u2019euro essuie encore des pertes - Blog devises","og_description":"Apr\u00e8s avoir atteint un plus haut le 8 septembre \u00e0 1,20 dollar, l\u2019euro n\u2019a de cesse de perdre du terrain ces derni\u00e8res semaines, malgr\u00e9 un risque catalan qui s\u2019amoindrit. Le dollar, lui, se renforce, port\u00e9 par la croissance US. Voici notre revue de presse du Web des devises de la semaine.&nbsp;","og_url":"https:\/\/blog.ccopera.com\/devises\/2017-11-08-revue-du-web-des-devises-02-11-2017-l-euro-essuie-encore-des-pertes-3700","og_site_name":"Blog devises","article_published_time":"2017-11-08T10:04:00+00:00","article_modified_time":"2024-07-16T09:29:25+00:00","og_image":[{"width":1250,"height":375,"url":"https:\/\/blog.ccopera.com\/devises\/wp-content\/uploads\/sites\/4\/2017\/12\/visuel-pour-Wordpress-cco-16.png","type":"image\/png"}],"author":"blogccopera","twitter_card":"summary_large_image","twitter_misc":{"\u00c9crit par":"blogccopera","Dur\u00e9e de lecture estim\u00e9e":"8 minutes"},"schema":{"@context":"https:\/\/schema.org","@graph":[{"@type":"Article","@id":"https:\/\/blog.ccopera.com\/devises\/2017-11-08-revue-du-web-des-devises-02-11-2017-l-euro-essuie-encore-des-pertes-3700#article","isPartOf":{"@id":"https:\/\/blog.ccopera.com\/devises\/2017-11-08-revue-du-web-des-devises-02-11-2017-l-euro-essuie-encore-des-pertes-3700"},"author":{"name":"blogccopera","@id":"https:\/\/blog.ccopera.com\/devises\/#\/schema\/person\/78268f09e2b3505798c615a82beea618"},"headline":"Revue du Web des devises 02\/11\/2017 : L\u2019euro essuie encore des pertes","datePublished":"2017-11-08T10:04:00+00:00","dateModified":"2024-07-16T09:29:25+00:00","mainEntityOfPage":{"@id":"https:\/\/blog.ccopera.com\/devises\/2017-11-08-revue-du-web-des-devises-02-11-2017-l-euro-essuie-encore-des-pertes-3700"},"wordCount":1690,"publisher":{"@id":"https:\/\/blog.ccopera.com\/devises\/#organization"},"image":{"@id":"https:\/\/blog.ccopera.com\/devises\/2017-11-08-revue-du-web-des-devises-02-11-2017-l-euro-essuie-encore-des-pertes-3700#primaryimage"},"thumbnailUrl":"https:\/\/blog.ccopera.com\/devises\/wp-content\/uploads\/sites\/4\/2017\/12\/visuel-pour-Wordpress-cco-16.png","articleSection":["devises","Revue de presse"],"inLanguage":"fr-FR"},{"@type":"WebPage","@id":"https:\/\/blog.ccopera.com\/devises\/2017-11-08-revue-du-web-des-devises-02-11-2017-l-euro-essuie-encore-des-pertes-3700","url":"https:\/\/blog.ccopera.com\/devises\/2017-11-08-revue-du-web-des-devises-02-11-2017-l-euro-essuie-encore-des-pertes-3700","name":"Revue du Web des devises 02\/11\/2017 : L\u2019euro essuie encore des pertes - Blog devises","isPartOf":{"@id":"https:\/\/blog.ccopera.com\/devises\/#website"},"primaryImageOfPage":{"@id":"https:\/\/blog.ccopera.com\/devises\/2017-11-08-revue-du-web-des-devises-02-11-2017-l-euro-essuie-encore-des-pertes-3700#primaryimage"},"image":{"@id":"https:\/\/blog.ccopera.com\/devises\/2017-11-08-revue-du-web-des-devises-02-11-2017-l-euro-essuie-encore-des-pertes-3700#primaryimage"},"thumbnailUrl":"https:\/\/blog.ccopera.com\/devises\/wp-content\/uploads\/sites\/4\/2017\/12\/visuel-pour-Wordpress-cco-16.png","datePublished":"2017-11-08T10:04:00+00:00","dateModified":"2024-07-16T09:29:25+00:00","breadcrumb":{"@id":"https:\/\/blog.ccopera.com\/devises\/2017-11-08-revue-du-web-des-devises-02-11-2017-l-euro-essuie-encore-des-pertes-3700#breadcrumb"},"inLanguage":"fr-FR","potentialAction":[{"@type":"ReadAction","target":["https:\/\/blog.ccopera.com\/devises\/2017-11-08-revue-du-web-des-devises-02-11-2017-l-euro-essuie-encore-des-pertes-3700"]}]},{"@type":"ImageObject","inLanguage":"fr-FR","@id":"https:\/\/blog.ccopera.com\/devises\/2017-11-08-revue-du-web-des-devises-02-11-2017-l-euro-essuie-encore-des-pertes-3700#primaryimage","url":"https:\/\/blog.ccopera.com\/devises\/wp-content\/uploads\/sites\/4\/2017\/12\/visuel-pour-Wordpress-cco-16.png","contentUrl":"https:\/\/blog.ccopera.com\/devises\/wp-content\/uploads\/sites\/4\/2017\/12\/visuel-pour-Wordpress-cco-16.png","width":1250,"height":375},{"@type":"BreadcrumbList","@id":"https:\/\/blog.ccopera.com\/devises\/2017-11-08-revue-du-web-des-devises-02-11-2017-l-euro-essuie-encore-des-pertes-3700#breadcrumb","itemListElement":[{"@type":"ListItem","position":1,"name":"Accueil","item":"https:\/\/blog.ccopera.com\/devises"},{"@type":"ListItem","position":2,"name":"Revue du Web des devises 02\/11\/2017 : L\u2019euro essuie encore des pertes"}]},{"@type":"WebSite","@id":"https:\/\/blog.ccopera.com\/devises\/#website","url":"https:\/\/blog.ccopera.com\/devises\/","name":"Blog devises","description":"","publisher":{"@id":"https:\/\/blog.ccopera.com\/devises\/#organization"},"potentialAction":[{"@type":"SearchAction","target":{"@type":"EntryPoint","urlTemplate":"https:\/\/blog.ccopera.com\/devises\/?s={search_term_string}"},"query-input":{"@type":"PropertyValueSpecification","valueRequired":true,"valueName":"search_term_string"}}],"inLanguage":"fr-FR"},{"@type":"Organization","@id":"https:\/\/blog.ccopera.com\/devises\/#organization","name":"Blog devises","url":"https:\/\/blog.ccopera.com\/devises\/","logo":{"@type":"ImageObject","inLanguage":"fr-FR","@id":"https:\/\/blog.ccopera.com\/devises\/#\/schema\/logo\/image\/","url":"https:\/\/blog.ccopera.com\/devises\/wp-content\/uploads\/sites\/4\/2023\/09\/logo_512.png","contentUrl":"https:\/\/blog.ccopera.com\/devises\/wp-content\/uploads\/sites\/4\/2023\/09\/logo_512.png","width":512,"height":322,"caption":"Blog devises"},"image":{"@id":"https:\/\/blog.ccopera.com\/devises\/#\/schema\/logo\/image\/"}},{"@type":"Person","@id":"https:\/\/blog.ccopera.com\/devises\/#\/schema\/person\/78268f09e2b3505798c615a82beea618","name":"blogccopera","image":{"@type":"ImageObject","inLanguage":"fr-FR","@id":"https:\/\/blog.ccopera.com\/devises\/#\/schema\/person\/image\/","url":"https:\/\/secure.gravatar.com\/avatar\/b45850bc33d94214253c25806fbc13ab?s=96&d=mm&r=g","contentUrl":"https:\/\/secure.gravatar.com\/avatar\/b45850bc33d94214253c25806fbc13ab?s=96&d=mm&r=g","caption":"blogccopera"},"url":"https:\/\/blog.ccopera.com\/devises\/author\/blogccopera"}]}},"_links":{"self":[{"href":"https:\/\/blog.ccopera.com\/devises\/wp-json\/wp\/v2\/posts\/3700"}],"collection":[{"href":"https:\/\/blog.ccopera.com\/devises\/wp-json\/wp\/v2\/posts"}],"about":[{"href":"https:\/\/blog.ccopera.com\/devises\/wp-json\/wp\/v2\/types\/post"}],"author":[{"embeddable":true,"href":"https:\/\/blog.ccopera.com\/devises\/wp-json\/wp\/v2\/users\/8"}],"replies":[{"embeddable":true,"href":"https:\/\/blog.ccopera.com\/devises\/wp-json\/wp\/v2\/comments?post=3700"}],"version-history":[{"count":1,"href":"https:\/\/blog.ccopera.com\/devises\/wp-json\/wp\/v2\/posts\/3700\/revisions"}],"predecessor-version":[{"id":6323,"href":"https:\/\/blog.ccopera.com\/devises\/wp-json\/wp\/v2\/posts\/3700\/revisions\/6323"}],"wp:featuredmedia":[{"embeddable":true,"href":"https:\/\/blog.ccopera.com\/devises\/wp-json\/wp\/v2\/media\/6318"}],"wp:attachment":[{"href":"https:\/\/blog.ccopera.com\/devises\/wp-json\/wp\/v2\/media?parent=3700"}],"wp:term":[{"taxonomy":"category","embeddable":true,"href":"https:\/\/blog.ccopera.com\/devises\/wp-json\/wp\/v2\/categories?post=3700"},{"taxonomy":"post_tag","embeddable":true,"href":"https:\/\/blog.ccopera.com\/devises\/wp-json\/wp\/v2\/tags?post=3700"}],"curies":[{"name":"wp","href":"https:\/\/api.w.org\/{rel}","templated":true}]}}