{"id":3387,"date":"2008-06-11T18:57:00","date_gmt":"2008-06-11T18:57:00","guid":{"rendered":"https:\/\/blog.ccopera.com\/devises\/2008-06-11-lavion-figure-parmi-les-moyens-de-transport-les-plus-surs-particulierement-en-europe-3387"},"modified":"2025-05-28T09:45:57","modified_gmt":"2025-05-28T09:45:57","slug":"avion-figure-parmi-les-moyens-de-transport-les-plus-surs-particulierement-en-europe","status":"publish","type":"post","link":"https:\/\/blog.ccopera.com\/devises\/avion-figure-parmi-les-moyens-de-transport-les-plus-surs-particulierement-en-europe-3387","title":{"rendered":"L&rsquo;avion figure parmi les moyens de transport les plus s\u00fbrs"},"content":{"rendered":"<p>Avec pr\u00e8s de 30 000 vols certains jours de pointe en Europe, les passagers qui embarquent\u00a0 en avion sur une compagnie a\u00e9rienne europ\u00e9enne ou \u00e9trang\u00e8re peuvent avoir l&rsquo;assurance d&rsquo;un niveau de s\u00e9curit\u00e9 \u00e9lev\u00e9.<\/p>\n<p>Les compagnies a\u00e9riennes consid\u00e9r\u00e9s comme peu fiable figurent sur une liste mise \u00e0 jour tous les 3 mois par la commission europ\u00e9enne et subissent une interdiction d&rsquo;exploitation dans le ciel europ\u00e9en.<\/p>\n<p>Voir la liste des compagnies a\u00e9riennes : http:\/\/ec.europa.eu\/transport\/air-ban\/list_fr.htm|fr<\/p>\n","protected":false},"excerpt":{"rendered":"<p>Avec pr\u00e8s de 30 000 vols certains jours de pointe en Europe, les passagers qui embarquent sur une compagnie a\u00e9rienne europ\u00e9enne ou \u00e9trang\u00e8re peuvent avoir l&rsquo;assurance d&rsquo;un niveau de s\u00e9curit\u00e9 \u00e9lev\u00e9.<\/p>\n","protected":false},"author":8,"featured_media":0,"comment_status":"closed","ping_status":"closed","sticky":false,"template":"","format":"standard","meta":{"footnotes":""},"categories":[18],"tags":[],"yoast_head":"<!-- This site is optimized with the Yoast SEO plugin v23.5 - https:\/\/yoast.com\/wordpress\/plugins\/seo\/ -->\n<title>L&#039;avion figure parmi les moyens de transport les plus s\u00fbrs - Blog devises<\/title>\n<meta name=\"description\" content=\"Avec pr\u00e8s de 30 000 vols certains jours de pointe en Europe, les passagers qui embarquent\u00a0 en avion sur une compagnie a\u00e9rienne europ\u00e9enne ou \u00e9trang\u00e8re peuvent avoir l&#039;assurance d&#039;un niveau de s\u00e9curit\u00e9 \u00e9lev\u00e9.\" \/>\n<meta name=\"robots\" content=\"index, follow, max-snippet:-1, max-image-preview:large, max-video-preview:-1\" \/>\n<link rel=\"canonical\" href=\"https:\/\/blog.ccopera.com\/devises\/avion-figure-parmi-les-moyens-de-transport-les-plus-surs-particulierement-en-europe-3387\" \/>\n<meta property=\"og:locale\" content=\"fr_FR\" \/>\n<meta property=\"og:type\" content=\"article\" \/>\n<meta property=\"og:title\" content=\"L&#039;avion figure parmi les moyens de transport les plus s\u00fbrs - Blog devises\" \/>\n<meta property=\"og:description\" content=\"Avec pr\u00e8s de 30 000 vols certains jours de pointe en Europe, les passagers qui embarquent\u00a0 en avion sur une compagnie a\u00e9rienne europ\u00e9enne ou \u00e9trang\u00e8re peuvent avoir l&#039;assurance d&#039;un niveau de s\u00e9curit\u00e9 \u00e9lev\u00e9.\" \/>\n<meta property=\"og:url\" content=\"https:\/\/blog.ccopera.com\/devises\/avion-figure-parmi-les-moyens-de-transport-les-plus-surs-particulierement-en-europe-3387\" \/>\n<meta property=\"og:site_name\" content=\"Blog devises\" \/>\n<meta property=\"article:published_time\" content=\"2008-06-11T18:57:00+00:00\" \/>\n<meta property=\"article:modified_time\" content=\"2025-05-28T09:45:57+00:00\" \/>\n<meta name=\"author\" content=\"blogccopera\" \/>\n<meta name=\"twitter:card\" content=\"summary_large_image\" \/>\n<meta name=\"twitter:label1\" content=\"\u00c9crit par\" \/>\n\t<meta name=\"twitter:data1\" content=\"blogccopera\" \/>\n\t<meta name=\"twitter:label2\" content=\"Dur\u00e9e de lecture estim\u00e9e\" \/>\n\t<meta name=\"twitter:data2\" content=\"1 minute\" \/>\n<script type=\"application\/ld+json\" class=\"yoast-schema-graph\">{\"@context\":\"https:\/\/schema.org\",\"@graph\":[{\"@type\":\"Article\",\"@id\":\"https:\/\/blog.ccopera.com\/devises\/avion-figure-parmi-les-moyens-de-transport-les-plus-surs-particulierement-en-europe-3387#article\",\"isPartOf\":{\"@id\":\"https:\/\/blog.ccopera.com\/devises\/avion-figure-parmi-les-moyens-de-transport-les-plus-surs-particulierement-en-europe-3387\"},\"author\":{\"name\":\"blogccopera\",\"@id\":\"https:\/\/blog.ccopera.com\/devises\/#\/schema\/person\/78268f09e2b3505798c615a82beea618\"},\"headline\":\"L&rsquo;avion figure parmi les moyens de transport les plus s\u00fbrs\",\"datePublished\":\"2008-06-11T18:57:00+00:00\",\"dateModified\":\"2025-05-28T09:45:57+00:00\",\"mainEntityOfPage\":{\"@id\":\"https:\/\/blog.ccopera.com\/devises\/avion-figure-parmi-les-moyens-de-transport-les-plus-surs-particulierement-en-europe-3387\"},\"wordCount\":102,\"publisher\":{\"@id\":\"https:\/\/blog.ccopera.com\/devises\/#organization\"},\"articleSection\":[\"devises\"],\"inLanguage\":\"fr-FR\"},{\"@type\":\"WebPage\",\"@id\":\"https:\/\/blog.ccopera.com\/devises\/avion-figure-parmi-les-moyens-de-transport-les-plus-surs-particulierement-en-europe-3387\",\"url\":\"https:\/\/blog.ccopera.com\/devises\/avion-figure-parmi-les-moyens-de-transport-les-plus-surs-particulierement-en-europe-3387\",\"name\":\"L'avion figure parmi les moyens de transport les plus s\u00fbrs - Blog devises\",\"isPartOf\":{\"@id\":\"https:\/\/blog.ccopera.com\/devises\/#website\"},\"datePublished\":\"2008-06-11T18:57:00+00:00\",\"dateModified\":\"2025-05-28T09:45:57+00:00\",\"description\":\"Avec pr\u00e8s de 30 000 vols certains jours de pointe en Europe, les passagers qui embarquent\u00a0 en avion sur une compagnie a\u00e9rienne europ\u00e9enne ou \u00e9trang\u00e8re peuvent avoir l'assurance d'un niveau de s\u00e9curit\u00e9 \u00e9lev\u00e9.\",\"breadcrumb\":{\"@id\":\"https:\/\/blog.ccopera.com\/devises\/avion-figure-parmi-les-moyens-de-transport-les-plus-surs-particulierement-en-europe-3387#breadcrumb\"},\"inLanguage\":\"fr-FR\",\"potentialAction\":[{\"@type\":\"ReadAction\",\"target\":[\"https:\/\/blog.ccopera.com\/devises\/avion-figure-parmi-les-moyens-de-transport-les-plus-surs-particulierement-en-europe-3387\"]}]},{\"@type\":\"BreadcrumbList\",\"@id\":\"https:\/\/blog.ccopera.com\/devises\/avion-figure-parmi-les-moyens-de-transport-les-plus-surs-particulierement-en-europe-3387#breadcrumb\",\"itemListElement\":[{\"@type\":\"ListItem\",\"position\":1,\"name\":\"Accueil\",\"item\":\"https:\/\/blog.ccopera.com\/devises\"},{\"@type\":\"ListItem\",\"position\":2,\"name\":\"L&rsquo;avion figure parmi les moyens de transport les plus s\u00fbrs\"}]},{\"@type\":\"WebSite\",\"@id\":\"https:\/\/blog.ccopera.com\/devises\/#website\",\"url\":\"https:\/\/blog.ccopera.com\/devises\/\",\"name\":\"Blog devises\",\"description\":\"\",\"publisher\":{\"@id\":\"https:\/\/blog.ccopera.com\/devises\/#organization\"},\"potentialAction\":[{\"@type\":\"SearchAction\",\"target\":{\"@type\":\"EntryPoint\",\"urlTemplate\":\"https:\/\/blog.ccopera.com\/devises\/?s={search_term_string}\"},\"query-input\":{\"@type\":\"PropertyValueSpecification\",\"valueRequired\":true,\"valueName\":\"search_term_string\"}}],\"inLanguage\":\"fr-FR\"},{\"@type\":\"Organization\",\"@id\":\"https:\/\/blog.ccopera.com\/devises\/#organization\",\"name\":\"Blog devises\",\"url\":\"https:\/\/blog.ccopera.com\/devises\/\",\"logo\":{\"@type\":\"ImageObject\",\"inLanguage\":\"fr-FR\",\"@id\":\"https:\/\/blog.ccopera.com\/devises\/#\/schema\/logo\/image\/\",\"url\":\"https:\/\/blog.ccopera.com\/devises\/wp-content\/uploads\/sites\/4\/2023\/09\/logo_512.png\",\"contentUrl\":\"https:\/\/blog.ccopera.com\/devises\/wp-content\/uploads\/sites\/4\/2023\/09\/logo_512.png\",\"width\":512,\"height\":322,\"caption\":\"Blog devises\"},\"image\":{\"@id\":\"https:\/\/blog.ccopera.com\/devises\/#\/schema\/logo\/image\/\"}},{\"@type\":\"Person\",\"@id\":\"https:\/\/blog.ccopera.com\/devises\/#\/schema\/person\/78268f09e2b3505798c615a82beea618\",\"name\":\"blogccopera\",\"image\":{\"@type\":\"ImageObject\",\"inLanguage\":\"fr-FR\",\"@id\":\"https:\/\/blog.ccopera.com\/devises\/#\/schema\/person\/image\/\",\"url\":\"https:\/\/secure.gravatar.com\/avatar\/b45850bc33d94214253c25806fbc13ab?s=96&d=mm&r=g\",\"contentUrl\":\"https:\/\/secure.gravatar.com\/avatar\/b45850bc33d94214253c25806fbc13ab?s=96&d=mm&r=g\",\"caption\":\"blogccopera\"},\"url\":\"https:\/\/blog.ccopera.com\/devises\/author\/blogccopera\"}]}<\/script>\n<!-- \/ Yoast SEO plugin. -->","yoast_head_json":{"title":"L'avion figure parmi les moyens de transport les plus s\u00fbrs - Blog devises","description":"Avec pr\u00e8s de 30 000 vols certains jours de pointe en Europe, les passagers qui embarquent\u00a0 en avion sur une compagnie a\u00e9rienne europ\u00e9enne ou \u00e9trang\u00e8re peuvent avoir l'assurance d'un niveau de s\u00e9curit\u00e9 \u00e9lev\u00e9.","robots":{"index":"index","follow":"follow","max-snippet":"max-snippet:-1","max-image-preview":"max-image-preview:large","max-video-preview":"max-video-preview:-1"},"canonical":"https:\/\/blog.ccopera.com\/devises\/avion-figure-parmi-les-moyens-de-transport-les-plus-surs-particulierement-en-europe-3387","og_locale":"fr_FR","og_type":"article","og_title":"L'avion figure parmi les moyens de transport les plus s\u00fbrs - Blog devises","og_description":"Avec pr\u00e8s de 30 000 vols certains jours de pointe en Europe, les passagers qui embarquent\u00a0 en avion sur une compagnie a\u00e9rienne europ\u00e9enne ou \u00e9trang\u00e8re peuvent avoir l'assurance d'un niveau de s\u00e9curit\u00e9 \u00e9lev\u00e9.","og_url":"https:\/\/blog.ccopera.com\/devises\/avion-figure-parmi-les-moyens-de-transport-les-plus-surs-particulierement-en-europe-3387","og_site_name":"Blog devises","article_published_time":"2008-06-11T18:57:00+00:00","article_modified_time":"2025-05-28T09:45:57+00:00","author":"blogccopera","twitter_card":"summary_large_image","twitter_misc":{"\u00c9crit par":"blogccopera","Dur\u00e9e de lecture estim\u00e9e":"1 minute"},"schema":{"@context":"https:\/\/schema.org","@graph":[{"@type":"Article","@id":"https:\/\/blog.ccopera.com\/devises\/avion-figure-parmi-les-moyens-de-transport-les-plus-surs-particulierement-en-europe-3387#article","isPartOf":{"@id":"https:\/\/blog.ccopera.com\/devises\/avion-figure-parmi-les-moyens-de-transport-les-plus-surs-particulierement-en-europe-3387"},"author":{"name":"blogccopera","@id":"https:\/\/blog.ccopera.com\/devises\/#\/schema\/person\/78268f09e2b3505798c615a82beea618"},"headline":"L&rsquo;avion figure parmi les moyens de transport les plus s\u00fbrs","datePublished":"2008-06-11T18:57:00+00:00","dateModified":"2025-05-28T09:45:57+00:00","mainEntityOfPage":{"@id":"https:\/\/blog.ccopera.com\/devises\/avion-figure-parmi-les-moyens-de-transport-les-plus-surs-particulierement-en-europe-3387"},"wordCount":102,"publisher":{"@id":"https:\/\/blog.ccopera.com\/devises\/#organization"},"articleSection":["devises"],"inLanguage":"fr-FR"},{"@type":"WebPage","@id":"https:\/\/blog.ccopera.com\/devises\/avion-figure-parmi-les-moyens-de-transport-les-plus-surs-particulierement-en-europe-3387","url":"https:\/\/blog.ccopera.com\/devises\/avion-figure-parmi-les-moyens-de-transport-les-plus-surs-particulierement-en-europe-3387","name":"L'avion figure parmi les moyens de transport les plus s\u00fbrs - Blog devises","isPartOf":{"@id":"https:\/\/blog.ccopera.com\/devises\/#website"},"datePublished":"2008-06-11T18:57:00+00:00","dateModified":"2025-05-28T09:45:57+00:00","description":"Avec pr\u00e8s de 30 000 vols certains jours de pointe en Europe, les passagers qui embarquent\u00a0 en avion sur une compagnie a\u00e9rienne europ\u00e9enne ou \u00e9trang\u00e8re peuvent avoir l'assurance d'un niveau de s\u00e9curit\u00e9 \u00e9lev\u00e9.","breadcrumb":{"@id":"https:\/\/blog.ccopera.com\/devises\/avion-figure-parmi-les-moyens-de-transport-les-plus-surs-particulierement-en-europe-3387#breadcrumb"},"inLanguage":"fr-FR","potentialAction":[{"@type":"ReadAction","target":["https:\/\/blog.ccopera.com\/devises\/avion-figure-parmi-les-moyens-de-transport-les-plus-surs-particulierement-en-europe-3387"]}]},{"@type":"BreadcrumbList","@id":"https:\/\/blog.ccopera.com\/devises\/avion-figure-parmi-les-moyens-de-transport-les-plus-surs-particulierement-en-europe-3387#breadcrumb","itemListElement":[{"@type":"ListItem","position":1,"name":"Accueil","item":"https:\/\/blog.ccopera.com\/devises"},{"@type":"ListItem","position":2,"name":"L&rsquo;avion figure parmi les moyens de transport les plus s\u00fbrs"}]},{"@type":"WebSite","@id":"https:\/\/blog.ccopera.com\/devises\/#website","url":"https:\/\/blog.ccopera.com\/devises\/","name":"Blog devises","description":"","publisher":{"@id":"https:\/\/blog.ccopera.com\/devises\/#organization"},"potentialAction":[{"@type":"SearchAction","target":{"@type":"EntryPoint","urlTemplate":"https:\/\/blog.ccopera.com\/devises\/?s={search_term_string}"},"query-input":{"@type":"PropertyValueSpecification","valueRequired":true,"valueName":"search_term_string"}}],"inLanguage":"fr-FR"},{"@type":"Organization","@id":"https:\/\/blog.ccopera.com\/devises\/#organization","name":"Blog devises","url":"https:\/\/blog.ccopera.com\/devises\/","logo":{"@type":"ImageObject","inLanguage":"fr-FR","@id":"https:\/\/blog.ccopera.com\/devises\/#\/schema\/logo\/image\/","url":"https:\/\/blog.ccopera.com\/devises\/wp-content\/uploads\/sites\/4\/2023\/09\/logo_512.png","contentUrl":"https:\/\/blog.ccopera.com\/devises\/wp-content\/uploads\/sites\/4\/2023\/09\/logo_512.png","width":512,"height":322,"caption":"Blog devises"},"image":{"@id":"https:\/\/blog.ccopera.com\/devises\/#\/schema\/logo\/image\/"}},{"@type":"Person","@id":"https:\/\/blog.ccopera.com\/devises\/#\/schema\/person\/78268f09e2b3505798c615a82beea618","name":"blogccopera","image":{"@type":"ImageObject","inLanguage":"fr-FR","@id":"https:\/\/blog.ccopera.com\/devises\/#\/schema\/person\/image\/","url":"https:\/\/secure.gravatar.com\/avatar\/b45850bc33d94214253c25806fbc13ab?s=96&d=mm&r=g","contentUrl":"https:\/\/secure.gravatar.com\/avatar\/b45850bc33d94214253c25806fbc13ab?s=96&d=mm&r=g","caption":"blogccopera"},"url":"https:\/\/blog.ccopera.com\/devises\/author\/blogccopera"}]}},"_links":{"self":[{"href":"https:\/\/blog.ccopera.com\/devises\/wp-json\/wp\/v2\/posts\/3387"}],"collection":[{"href":"https:\/\/blog.ccopera.com\/devises\/wp-json\/wp\/v2\/posts"}],"about":[{"href":"https:\/\/blog.ccopera.com\/devises\/wp-json\/wp\/v2\/types\/post"}],"author":[{"embeddable":true,"href":"https:\/\/blog.ccopera.com\/devises\/wp-json\/wp\/v2\/users\/8"}],"replies":[{"embeddable":true,"href":"https:\/\/blog.ccopera.com\/devises\/wp-json\/wp\/v2\/comments?post=3387"}],"version-history":[{"count":2,"href":"https:\/\/blog.ccopera.com\/devises\/wp-json\/wp\/v2\/posts\/3387\/revisions"}],"predecessor-version":[{"id":8786,"href":"https:\/\/blog.ccopera.com\/devises\/wp-json\/wp\/v2\/posts\/3387\/revisions\/8786"}],"wp:attachment":[{"href":"https:\/\/blog.ccopera.com\/devises\/wp-json\/wp\/v2\/media?parent=3387"}],"wp:term":[{"taxonomy":"category","embeddable":true,"href":"https:\/\/blog.ccopera.com\/devises\/wp-json\/wp\/v2\/categories?post=3387"},{"taxonomy":"post_tag","embeddable":true,"href":"https:\/\/blog.ccopera.com\/devises\/wp-json\/wp\/v2\/tags?post=3387"}],"curies":[{"name":"wp","href":"https:\/\/api.w.org\/{rel}","templated":true}]}}